{"id":503464,"date":"2025-10-16T15:12:27","date_gmt":"2025-10-16T15:12:27","guid":{"rendered":"https:\/\/www.europesays.com\/de\/503464\/"},"modified":"2025-10-16T15:12:27","modified_gmt":"2025-10-16T15:12:27","slug":"bielefeld-loehne-frau-vom-auto-angefahren-und-verletzt","status":"publish","type":"post","link":"https:\/\/www.europesays.com\/de\/503464\/","title":{"rendered":"Bielefeld\/L\u00f6hne: Frau vom Auto angefahren und verletzt"},"content":{"rendered":"<p>In Bielefeld ist eine Frau aus L\u00f6hne angefahren und verletzt worden. Die 37-J\u00e4hrige war zu Fu\u00df unterwegs, als ein Autofahrer sie beim Abbiegen in einer Kreuzung \u00fcbersah. Die L\u00f6hnerin schlug mit dem Kopf auf die K\u00fchlerhaube. Eine andere Frau aus Augustdorf wurde ebenfalls verletzt, weil der Wagen ihr \u00fcber den Fu\u00df fuhr.\u00a0<\/p>\n<p>Beide Fu\u00dfg\u00e4ngerinnen verletzt<\/p>\n<p>Um beide k\u00fcmmerte sich der Rettungsdienst noch vor Ort. Danach wurden die ins Krankenhaus gebracht. Am Auto entstand trotz des Aufpralls kein Schaden.\u00a0<\/p>\n","protected":false},"excerpt":{"rendered":"In Bielefeld ist eine Frau aus L\u00f6hne angefahren und verletzt worden. Die 37-J\u00e4hrige war zu Fu\u00df unterwegs, als&hellip;\n","protected":false},"author":2,"featured_media":503465,"comment_status":"","ping_status":"","sticky":false,"template":"","format":"standard","meta":{"footnotes":""},"categories":[1841],"tags":[1605,3364,29,30,11778,1209,5185],"class_list":{"0":"post-503464","1":"post","2":"type-post","3":"status-publish","4":"format-standard","5":"has-post-thumbnail","7":"category-bielefeld","8":"tag-bielefeld","9":"tag-de","10":"tag-deutschland","11":"tag-germany","12":"tag-loehne","13":"tag-nordrhein-westfalen","14":"tag-verletzt"},"share_on_mastodon":{"url":"https:\/\/pubeurope.com\/@de\/115384493259314568","error":""},"_links":{"self":[{"href":"https:\/\/www.europesays.com\/de\/wp-json\/wp\/v2\/posts\/503464","targetHints":{"allow":["GET"]}}],"collection":[{"href":"https:\/\/www.europesays.com\/de\/wp-json\/wp\/v2\/posts"}],"about":[{"href":"https:\/\/www.europesays.com\/de\/wp-json\/wp\/v2\/types\/post"}],"author":[{"embeddable":true,"href":"https:\/\/www.europesays.com\/de\/wp-json\/wp\/v2\/users\/2"}],"replies":[{"embeddable":true,"href":"https:\/\/www.europesays.com\/de\/wp-json\/wp\/v2\/comments?post=503464"}],"version-history":[{"count":0,"href":"https:\/\/www.europesays.com\/de\/wp-json\/wp\/v2\/posts\/503464\/revisions"}],"wp:featuredmedia":[{"embeddable":true,"href":"https:\/\/www.europesays.com\/de\/wp-json\/wp\/v2\/media\/503465"}],"wp:attachment":[{"href":"https:\/\/www.europesays.com\/de\/wp-json\/wp\/v2\/media?parent=503464"}],"wp:term":[{"taxonomy":"category","embeddable":true,"href":"https:\/\/www.europesays.com\/de\/wp-json\/wp\/v2\/categories?post=503464"},{"taxonomy":"post_tag","embeddable":true,"href":"https:\/\/www.europesays.com\/de\/wp-json\/wp\/v2\/tags?post=503464"}],"curies":[{"name":"wp","href":"https:\/\/api.w.org\/{rel}","templated":true}]}}