{"id":503468,"date":"2025-10-16T15:14:10","date_gmt":"2025-10-16T15:14:10","guid":{"rendered":"https:\/\/www.europesays.com\/de\/503468\/"},"modified":"2025-10-16T15:14:10","modified_gmt":"2025-10-16T15:14:10","slug":"stadt-solingen-geht-gegen-wohnmobile-vor","status":"publish","type":"post","link":"https:\/\/www.europesays.com\/de\/503468\/","title":{"rendered":"Stadt Solingen geht gegen Wohnmobile vor"},"content":{"rendered":"<p class=\"text_ohne_einzug richtext text-em-55 !leading-serif mx-6 desktop:mx-0\">Zwischenzeitlich f\u00fchlte sich mancher der Anwohner in der N\u00e4he des gro\u00dfen Parkplatzes am Eingang zum Neubaugebiet \u201eHeimspiel\u201c bereits an einen richtigen Campingplatz erinnert. Doch davon konnte bei n\u00e4herer Betrachtung keine Rede sein. Denn schlie\u00dflich machten die Besitzer der zahlreichen dort abgestellten Wohnwagen und Wohnmobile am Rande der Ohligser Heide keineswegs Urlaub, sondern hatten ihre Fahrzeuge nur bis zum Antritt der n\u00e4chsten Reise \u2013 sicher und vor allem kostenfrei \u2013 auf dem Parkplatz im Bereich des fr\u00fcheren Union-Stadions am Hermann-L\u00f6ns-Weg abgestellt.<\/p>\n","protected":false},"excerpt":{"rendered":"Zwischenzeitlich f\u00fchlte sich mancher der Anwohner in der N\u00e4he des gro\u00dfen Parkplatzes am Eingang zum Neubaugebiet \u201eHeimspiel\u201c bereits&hellip;\n","protected":false},"author":2,"featured_media":503469,"comment_status":"","ping_status":"","sticky":false,"template":"","format":"standard","meta":{"footnotes":""},"categories":[1840],"tags":[3364,29,30,1209,31252,90031,4418,8678],"class_list":{"0":"post-503468","1":"post","2":"type-post","3":"status-publish","4":"format-standard","5":"has-post-thumbnail","7":"category-wuppertal","8":"tag-de","9":"tag-deutschland","10":"tag-germany","11":"tag-nordrhein-westfalen","12":"tag-oberpriller","13":"tag-ohligs","14":"tag-wuppertal","15":"tag-xxxx"},"share_on_mastodon":{"url":"https:\/\/pubeurope.com\/@de\/115384501120569818","error":""},"_links":{"self":[{"href":"https:\/\/www.europesays.com\/de\/wp-json\/wp\/v2\/posts\/503468","targetHints":{"allow":["GET"]}}],"collection":[{"href":"https:\/\/www.europesays.com\/de\/wp-json\/wp\/v2\/posts"}],"about":[{"href":"https:\/\/www.europesays.com\/de\/wp-json\/wp\/v2\/types\/post"}],"author":[{"embeddable":true,"href":"https:\/\/www.europesays.com\/de\/wp-json\/wp\/v2\/users\/2"}],"replies":[{"embeddable":true,"href":"https:\/\/www.europesays.com\/de\/wp-json\/wp\/v2\/comments?post=503468"}],"version-history":[{"count":0,"href":"https:\/\/www.europesays.com\/de\/wp-json\/wp\/v2\/posts\/503468\/revisions"}],"wp:featuredmedia":[{"embeddable":true,"href":"https:\/\/www.europesays.com\/de\/wp-json\/wp\/v2\/media\/503469"}],"wp:attachment":[{"href":"https:\/\/www.europesays.com\/de\/wp-json\/wp\/v2\/media?parent=503468"}],"wp:term":[{"taxonomy":"category","embeddable":true,"href":"https:\/\/www.europesays.com\/de\/wp-json\/wp\/v2\/categories?post=503468"},{"taxonomy":"post_tag","embeddable":true,"href":"https:\/\/www.europesays.com\/de\/wp-json\/wp\/v2\/tags?post=503468"}],"curies":[{"name":"wp","href":"https:\/\/api.w.org\/{rel}","templated":true}]}}