{"id":503472,"date":"2025-10-16T15:16:10","date_gmt":"2025-10-16T15:16:10","guid":{"rendered":"https:\/\/www.europesays.com\/de\/503472\/"},"modified":"2025-10-16T15:16:10","modified_gmt":"2025-10-16T15:16:10","slug":"pol-en-hagen-hattingen-gemeinsame-presseerklaerung-der-staatsanwaltschaft-essen-und","status":"publish","type":"post","link":"https:\/\/www.europesays.com\/de\/503472\/","title":{"rendered":"POL-EN: Hagen\/Hattingen: Gemeinsame Presseerkl\u00e4rung der Staatsanwaltschaft Essen und &#8230;"},"content":{"rendered":"<p class=\"date\">16.10.2025 \u2013 14:59<\/p>\n<p class=\"customer\">\n                        <a class=\"story-customer\" title=\"weiter zum newsroom von Kreispolizeibeh\u00f6rde Ennepe-Ruhr-Kreis\" href=\"https:\/\/www.presseportal.de\/blaulicht\/nr\/12726\" rel=\"nofollow noopener\" target=\"_blank\">Kreispolizeibeh\u00f6rde Ennepe-Ruhr-Kreis<\/a>\n                    <\/p>\n<p>                                        <a href=\"https:\/\/www.facebook.com\/sharer.php?u=https%3A%2F%2Fwww.presseportal.de%2Fblaulicht%2Fpm%2F12726%2F6139279%2F%3Futm_source%3Dfacebook%26utm_medium%3Dsocial\" class=\"is-default story-sharing-facebook event-trigger\" title=\"Teilen \u00fcber Facebook\" data-event=\"sharing\" data-category=\"sharing\" data-action=\"click\" data-label=\"facebook\" data-url=\"https:\/\/www.facebook.com\/sharer.php?u=https%3A%2F%2Fwww.presseportal.de%2Fblaulicht%2Fpm%2F12726%2F6139279%2F%3Futm_source%3Dfacebook%26utm_medium%3Dsocial\" data-callback=\"popup\" aria-label=\"Teilen \u00fcber Facebook\" rel=\"nofollow noopener\" target=\"_blank\"><\/p>\n<p>        <\/a><br \/>\n                                        <a href=\"https:\/\/twitter.com\/intent\/tweet?text=POL-EN%3A%20Hagen%2FHattingen%3A%20Gemeinsame%20Presseerkl%C3%A4rung%20der%20Staatsanwaltschaft%20Essen%20und%20Polizei%20Hagen%3A%2015-J%C3%A4hriger%20nach%20Messerstich%20vor%20Moschee%20in%20Untersuchungshaft&amp;url=https%3A%2F%2Fwww.presseportal.de%2Fblaulicht%2Fpm%2F12726%2F6139279%2F%3Futm_source%3Dtwitter%26utm_medium%3Dsocial&amp;hashtags=ots&amp;lang=de\" class=\"is-default story-sharing-x event-trigger\" title=\"Teilen \u00fcber X\" style=\"color:black;font-size:45px\" data-event=\"sharing\" data-category=\"sharing\" data-action=\"click\" data-label=\"x\" data-url=\"https:\/\/twitter.com\/intent\/tweet?text=POL-EN%3A%20Hagen%2FHattingen%3A%20Gemeinsame%20Presseerkl%C3%A4rung%20der%20Staatsanwaltschaft%20Essen%20und%20Polizei%20Hagen%3A%2015-J%C3%A4hriger%20nach%20Messerstich%20vor%20Moschee%20in%20Untersuchungshaft&amp;url=https%3A%2F%2Fwww.presseportal.de%2Fblaulicht%2Fpm%2F12726%2F6139279%2F%3Futm_source%3Dtwitter%26utm_medium%3Dsocial&amp;hashtags=ots&amp;lang=de\" data-callback=\"popup\" aria-label=\"Teilen \u00fcber X\" rel=\"nofollow noopener\" target=\"_blank\"><\/p>\n<p>        <\/a><br \/>\n                                        <a href=\"https:\/\/web.whatsapp.com\/send?text=POL-EN%3A%20Hagen%2FHattingen%3A%20Gemeinsame%20Presseerkl%C3%A4rung%20der%20Staatsanwaltschaft%20Essen%20und%20Polizei%20Hagen%3A%2015-J%C3%A4hriger%20nach%20Messerstich%20vor%20Moschee%20in%20Untersuchungshaft%0A%0Ahttps%3A%2F%2Fwww.presseportal.de%2Fblaulicht%2Fpm%2F12726%2F6139279%2F%3Futm_source%3Dwhatsapp%26utm_medium%3Dsocial\" class=\"is-default story-sharing-whatsapp event-trigger\" title=\"Teilen \u00fcber WhatsApp\" data-event=\"sharing\" data-category=\"sharing\" data-action=\"click\" data-label=\"whatsapp\" data-url=\"https:\/\/web.whatsapp.com\/send?text=POL-EN%3A%20Hagen%2FHattingen%3A%20Gemeinsame%20Presseerkl%C3%A4rung%20der%20Staatsanwaltschaft%20Essen%20und%20Polizei%20Hagen%3A%2015-J%C3%A4hriger%20nach%20Messerstich%20vor%20Moschee%20in%20Untersuchungshaft%0A%0Ahttps%3A%2F%2Fwww.presseportal.de%2Fblaulicht%2Fpm%2F12726%2F6139279%2F%3Futm_source%3Dwhatsapp%26utm_medium%3Dsocial\" data-callback=\"popup\" aria-label=\"Teilen \u00fcber WhatsApp\" rel=\"nofollow noopener\" target=\"_blank\"><\/p>\n<p>        <\/a><br \/>\n                                        <a href=\"https:\/\/www.xing.com\/app\/user?op=share;url=https%3A%2F%2Fwww.presseportal.de%2Fblaulicht%2Fpm%2F12726%2F6139279%2F%3Futm_source%3Dxing%26utm_medium%3Dsocial\" class=\"is-default story-sharing-xing event-trigger\" title=\"Teilen \u00fcber Xing\" data-event=\"sharing\" data-category=\"sharing\" data-action=\"click\" data-label=\"xing\" data-url=\"https:\/\/www.xing.com\/app\/user?op=share;url=https%3A%2F%2Fwww.presseportal.de%2Fblaulicht%2Fpm%2F12726%2F6139279%2F%3Futm_source%3Dxing%26utm_medium%3Dsocial\" data-callback=\"popup\" aria-label=\"Teilen \u00fcber Xing\" rel=\"nofollow noopener\" target=\"_blank\"><\/p>\n<p>        <\/a><br \/>\n                                        <a href=\"https:\/\/www.linkedin.com\/shareArticle?mini=true&amp;url=https%3A%2F%2Fwww.presseportal.de%2Fblaulicht%2Fpm%2F12726%2F6139279%2F%3Futm_source%3Dlinkedin%26utm_medium%3Dsocial&amp;title=POL-EN%3A+Hagen%2FHattingen%3A+Gemeinsame+Presseerkl%C3%A4rung+der+Staatsanwaltschaft+Essen+und+Polizei+Hagen%3A+15-J%C3%A4hriger+nach+Messerstich+vor+Moschee+in+Untersuchungshaft\" class=\"is-default story-sharing-linkedin event-trigger\" title=\"Teilen \u00fcber linkedin\" data-event=\"sharing\" data-category=\"sharing\" data-action=\"click\" data-label=\"linkedin\" data-url=\"https:\/\/www.linkedin.com\/shareArticle?mini=true&amp;url=https%3A%2F%2Fwww.presseportal.de%2Fblaulicht%2Fpm%2F12726%2F6139279%2F%3Futm_source%3Dlinkedin%26utm_medium%3Dsocial&amp;title=POL-EN%3A+Hagen%2FHattingen%3A+Gemeinsame+Presseerkl%C3%A4rung+der+Staatsanwaltschaft+Essen+und+Polizei+Hagen%3A+15-J%C3%A4hriger+nach+Messerstich+vor+Moschee+in+Untersuchungshaft\" data-callback=\"popup\" aria-label=\"Teilen \u00fcber linkedin\" rel=\"nofollow noopener\" target=\"_blank\"><\/p>\n<p>        <\/a><br \/>\n                                        <a href=\"mailto:?subject=POL-EN%3A%20Hagen%2FHattingen%3A%20Gemeinsame%20Presseerkl%C3%A4rung%20der%20Staatsanwaltschaft%20Essen%20und%20Polizei%20Hagen%3A%2015-J%C3%A4hriger%20nach%20Messerstich%20vor%20Moschee%20in%20Untersuchungshaft&amp;body=https:\/\/www.presseportal.de\/blaulicht\/pm\/12726\/6139279\" class=\"is-default story-sharing-mailit event-trigger\" title=\"Senden\" data-event=\"sharing\" data-category=\"sharing\" data-action=\"click\" data-label=\"mailit\" data-url=\"mailto:?subject=POL-EN%3A%20Hagen%2FHattingen%3A%20Gemeinsame%20Presseerkl%C3%A4rung%20der%20Staatsanwaltschaft%20Essen%20und%20Polizei%20Hagen%3A%2015-J%C3%A4hriger%20nach%20Messerstich%20vor%20Moschee%20in%20Untersuchungshaft&amp;body=https:\/\/www.presseportal.de\/blaulicht\/pm\/12726\/6139279\" data-callback=\"link\" aria-label=\"Senden\"><\/p>\n<p>        <\/a><\/p>\n<p><a data-category=\"citylink-story-view\" data-action=\"click\" data-label=\"Citylink in Meldungsansicht\" class=\"story-city event-trigger\" href=\"https:\/\/www.presseportal.de\/regional\/Hagen%252FHattingen\" title=\"News aus Hagen\/Hattingen \" rel=\"nofollow noopener\" target=\"_blank\">Hagen\/Hattingen<\/a> (ots)<\/p>\n<p>Wie die Hagener Polizei bereits am 6. Oktober berichtete, kam es am 5. Oktober in der Martin-Luther-Stra\u00dfe in Hattingen zu einer Auseinandersetzung zwischen zwei 15-J\u00e4hrigen, bei welcher mit einem Messer zugestochen wurde. Der verletzte 15-j\u00e4hrige Iraker konnte nun nach station\u00e4rer Behandlung aus dem Krankenhaus entlassen werden. Gegen den 15-j\u00e4hrigen Deutsch-T\u00fcrken wurde nach einer erkennungsdienstlichen Behandlung auf Antrag der Staatsanwaltschaft Essen durch einen Richter Haftbefehl erlassen. Die Ermittlungen dauern an. Weitere Ausk\u00fcnfte k\u00f6nnen zurzeit nicht erteilt werden. (hir)<\/p>\n<p class=\"contact-headline\">R\u00fcckfragen bitte an:<\/p>\n<p class=\"contact-text\">Polizei Hagen<br \/>Pressestelle<br \/>Telefon: 02331 986 15 15<br \/>E-Mail: <a href=\"https:\/\/www.presseportal.de\/blaulicht\/pm\/12726\/mailto: pressestelle.hagen@polizei.nrw.de\" class=\"uri-mailto\" rel=\"nofollow noopener\" target=\"_blank\"> pressestelle.hagen@polizei.nrw.de<\/a><\/p>\n<p>Homepage: <a target=\"_blank\" class=\"uri-ext outbound\" rel=\"noopener nofollow\" href=\"https:\/\/hagen.polizei.nrw\">https:\/\/hagen.polizei.nrw<\/a><br \/>Facebook: <a target=\"_blank\" class=\"uri-ext outbound\" rel=\"noopener nofollow\" href=\"https:\/\/www.facebook.com\/Polizei.NRW.HA\">https:\/\/www.facebook.com\/Polizei.NRW.HA<\/a><br \/>X: <a target=\"_blank\" class=\"uri-ext outbound\" rel=\"noopener nofollow\" href=\"https:\/\/twitter.com\/polizei_nrw_ha\">https:\/\/twitter.com\/polizei_nrw_ha<\/a><br \/>Instagram: <a target=\"_blank\" class=\"uri-ext outbound\" rel=\"noopener nofollow\" href=\"http:\/\/www.instagram.de\/polizei.nrw.ha\">http:\/\/www.instagram.de\/polizei.nrw.ha<\/a><br \/>WhatsApp-Kanal: <a target=\"_blank\" class=\"uri-ext outbound\" rel=\"noopener nofollow\" href=\"https:\/\/url.nrw\/WhatsAppPolizeiNRWHagen\">https:\/\/url.nrw\/WhatsAppPolizeiNRWHagen<\/a><\/p>\n<p class=\"originator\">Original-Content von: Kreispolizeibeh\u00f6rde Ennepe-Ruhr-Kreis, \u00fcbermittelt durch news aktuell<\/p>\n<p>                <script async src=\"https:\/\/platform.twitter.com\/widgets.js\" charset=\"utf-8\"><\/script><\/p>\n","protected":false},"excerpt":{"rendered":"16.10.2025 \u2013 14:59 Kreispolizeibeh\u00f6rde Ennepe-Ruhr-Kreis Hagen\/Hattingen (ots) Wie die Hagener Polizei bereits am 6. Oktober berichtete, kam es&hellip;\n","protected":false},"author":2,"featured_media":386213,"comment_status":"","ping_status":"","sticky":false,"template":"","format":"standard","meta":{"footnotes":""},"categories":[1839],"tags":[7507,3364,29,30,177,1209,176,121,178,180,179,181],"class_list":{"0":"post-503472","1":"post","2":"type-post","3":"status-publish","4":"format-standard","5":"has-post-thumbnail","7":"category-bochum","8":"tag-bochum","9":"tag-de","10":"tag-deutschland","11":"tag-germany","12":"tag-kriminalitt","13":"tag-nordrhein-westfalen","14":"tag-nrw","15":"tag-polizei","16":"tag-presse","17":"tag-pressemeldung","18":"tag-pressemitteilung","19":"tag-pressemitteilungen"},"share_on_mastodon":{"url":"https:\/\/pubeurope.com\/@de\/115384509032193500","error":""},"_links":{"self":[{"href":"https:\/\/www.europesays.com\/de\/wp-json\/wp\/v2\/posts\/503472","targetHints":{"allow":["GET"]}}],"collection":[{"href":"https:\/\/www.europesays.com\/de\/wp-json\/wp\/v2\/posts"}],"about":[{"href":"https:\/\/www.europesays.com\/de\/wp-json\/wp\/v2\/types\/post"}],"author":[{"embeddable":true,"href":"https:\/\/www.europesays.com\/de\/wp-json\/wp\/v2\/users\/2"}],"replies":[{"embeddable":true,"href":"https:\/\/www.europesays.com\/de\/wp-json\/wp\/v2\/comments?post=503472"}],"version-history":[{"count":0,"href":"https:\/\/www.europesays.com\/de\/wp-json\/wp\/v2\/posts\/503472\/revisions"}],"wp:featuredmedia":[{"embeddable":true,"href":"https:\/\/www.europesays.com\/de\/wp-json\/wp\/v2\/media\/386213"}],"wp:attachment":[{"href":"https:\/\/www.europesays.com\/de\/wp-json\/wp\/v2\/media?parent=503472"}],"wp:term":[{"taxonomy":"category","embeddable":true,"href":"https:\/\/www.europesays.com\/de\/wp-json\/wp\/v2\/categories?post=503472"},{"taxonomy":"post_tag","embeddable":true,"href":"https:\/\/www.europesays.com\/de\/wp-json\/wp\/v2\/tags?post=503472"}],"curies":[{"name":"wp","href":"https:\/\/api.w.org\/{rel}","templated":true}]}}