{"id":503477,"date":"2025-10-16T15:19:11","date_gmt":"2025-10-16T15:19:11","guid":{"rendered":"https:\/\/www.europesays.com\/de\/503477\/"},"modified":"2025-10-16T15:19:11","modified_gmt":"2025-10-16T15:19:11","slug":"wie-eine-ehemalige-sanitaeterin-den-krieg-als-theater-dramaturgin-verarbeitet","status":"publish","type":"post","link":"https:\/\/www.europesays.com\/de\/503477\/","title":{"rendered":"Wie eine ehemalige Sanit\u00e4terin den Krieg als Theater-Dramaturgin verarbeitet"},"content":{"rendered":"<p class=\"tspBHk0 tspBHk1\"><strong>Der russische Angriffskrieg hat nach dreieinhalb Jahren in allen Lebensbereichen der Ukrainer seine Spuren hinterlassen.\u00a0<\/strong>Auch Kunst und Kultur beeinflusst er massiv, das haben wir in diesem Newsletter schon mehrfach gezeigt. Meist kommt die Inspiration, den Krieg k\u00fcnstlerisch zu verarbeiten, von zivilen Akteuren. Doch nicht immer, wie der britische \u201eGuardian\u201c aufgeschrieben hat (<a href=\"https:\/\/www.theguardian.com\/stage\/2025\/oct\/16\/alina-sarnatska-ukrainian-combat-medic-playwright\" target=\"_blank\" rel=\"noopener nofollow\" class=\"link link--external\" data-gtm-class=\"article-text-link\" data-gtm-val=\"external\" aria-describedby=\"message-target-blank\">Quelle hier<\/a>).<\/p>\n<p>Ukraine-Update<\/p>\n<p class=\"tspBXmz\"> Mit unserem Update-Newsletter zum Ukraine-Krieg erhalten Sie aktuelle Nachrichten, wichtige Hintergr\u00fcnde und exklusive Analysen von den Expertinnen und Experten des Tagesspiegels. <\/p>\n<p class=\"tspBHk0\"><strong>Die Zeitung erz\u00e4hlt die Geschichte von Alina Sarnatska, einst Sanit\u00e4terin an der Front und inzwischen Dramaturgin.<\/strong> Vor einigen Monaten feierte ihr erstes Theaterst\u00fcck mit dem Namen \u201eMilitary Mama\u201c in Kiew Premiere, inzwischen hat die 38-J\u00e4hrige schon mehrere Dramen verfasst. Sie handeln etwa von Mutterschaft, Sexismus im Milit\u00e4r, psychischen Problemen und Desertion. Es seien, so schreibt der \u201eGuardian\u201c, Themen, die in der ukrainischen Gesellschaft zwar nicht unbedingt tabu seien, aber in offiziellen Darstellungen weitgehend fehlen.<\/p>\n<p class=\"tspBHk0\"><strong>So seien die Theatermacher nach der Premiere von \u201eMilitary Mama\u201c auch ins Rathaus zitiert worden, weil das St\u00fcck nicht heroisch, sondern traurig sei und so viel Schimpfw\u00f6rter enthalte<\/strong>. Diese Offenheit aber scheinen die Besucher zu m\u00f6gen: Eine Frau, deren Ehemann an der Front war, und der Vater eines Veteranen h\u00e4tten den Schauspielern daf\u00fcr gedankt, dass sie nun das Leben in den Sch\u00fctzengr\u00e4ben viel mehr verstehen w\u00fcrden. Es ist ein St\u00fcck, in dem \u201esich alle Soldaten wiedererkennen k\u00f6nnen, weil es um das ganz normale Milit\u00e4rleben geht\u201c, sagte Sarnatska.<\/p>\n<p class=\"tspBHk0\"><strong>Das war auch ein Ziel des Projektes, \u00fcber das die Ukrainerin ans Theater kam. <\/strong>Mitbegr\u00fcndet wurde es vom Dramatiker Maksym Kurochkin, der 2022 selbst im Osten der Region Luhansk gek\u00e4mpft hatte. Er wollte Soldaten und Veteranen, f\u00fcr die Theater eher Neuland war, zu Dramatikern machen \u2013 und sie dazu bringen, ihre Erfahrungen vom Schlachtfeld auf die B\u00fchne zu bringen. Bei Sarnatska ist ihm das gelungen.<\/p>\n<p> Die wichtigsten Nachrichten des Tages: <\/p>\n<ul data-qa-hook=\"story-list-ul\" class=\"tspBUl8\">\n<li class=\"tspBUh1 tspBUh1\">US-Pr\u00e4sident Donald Trump erw\u00e4gt, die Ukraine mit weitreichenden Marschflugk\u00f6rpern auszustatten. <strong>Laut einem Medienbericht wollen die USA aber bei m\u00f6glichen Tomahawk-Zielen in Russland mitbestimmen<\/strong>. <a href=\"https:\/\/www.tagesspiegel.de\/internationales\/um-eskalation-mit-russland-zu-vermeiden-usa-wollen-bei-moglichen-tomahawk-zielen-offenbar-mitbestimmen-14582828.html?icid=in-text-link_14588918\" class=\"link link--internal\" data-gtm-class=\"article-text-link\" data-gtm-val=\"internal\" rel=\"nofollow noopener\" target=\"_blank\">Mehr hier.<\/a><\/li>\n<li class=\"tspBUh1 tspBUh1\"><strong>Mit einem neuen umfassenden\u00a0Aktionsplan zur Abwehr hybrider Gefahren\u00a0will die Bundesregierung auf die hybride Kriegsf\u00fchrung Russlands reagieren.<\/strong> Das k\u00fcndigte Bundeskanzler Friedrich Merz (CDU) in einer Regierungserkl\u00e4rung im Bundestag an. <a href=\"https:\/\/www.tagesspiegel.de\/politik\/gefahr-durch-russland-merz-kundigt-aktionsplan-gegen-hybriden-krieg-an-14581742.html?icid=in-text-link_14588918\" class=\"link link--internal\" data-gtm-class=\"article-text-link\" data-gtm-val=\"internal\" rel=\"nofollow noopener\" target=\"_blank\">Mehr hier.<\/a><\/li>\n<li class=\"tspBUh1 tspBUh1\"><strong>Die Pl\u00e4ne f\u00fcr einen baldigen Prozess gegen den mutma\u00dflichen Drahtzieher der Anschl\u00e4ge auf die Nord-Stream-Gasleitungen 2022 in der Ostsee vor einem deutschen Gericht haben sich zerschlagen.\u00a0<\/strong>Die Auslieferung des 49 Jahre alten Ukrainers an Deutschland wurde am Mittwoch vom h\u00f6chsten italienischen Gericht wegen Verfahrensm\u00e4ngeln \u00fcberraschend gestoppt.\u00a0<a href=\"https:\/\/www.tagesspiegel.de\/internationales\/italiens-oberstes-gericht-stoppt-auslieferung-von-nord-stream-verdachtigem-14575631.html?icid=in-text-link_14588918\" class=\"link link--internal\" data-gtm-class=\"article-text-link\" data-gtm-val=\"internal\" rel=\"nofollow noopener\" target=\"_blank\">Mehr hier.<\/a><\/li>\n<li class=\"tspBUh1 tspBUh1\"><strong>US-Pr\u00e4sident Donald Trump will erneut mit Kreml-Chef Wladimir Putin telefonieren: <\/strong>Wie ein hochrangiger Vertreter des Wei\u00dfen Hauses in Washington mitteilte, soll das Telefonat noch am Donnerstag\u00a0stattfinden. <a href=\"https:\/\/www.tagesspiegel.de\/internationales\/liveblog\/verstarkte-angriffe-russlands-ukraine-schrankt-stromversorgung-massiv-ein-4309180.html?icid=in-text-link_14588918\" class=\"link link--internal\" data-gtm-class=\"article-text-link\" data-gtm-val=\"internal\" rel=\"nofollow noopener\" target=\"_blank\">Mehr in unserem Newsblog.<\/a><\/li>\n<li class=\"tspBUh1 tspBUh1\"><strong>Indien will nach Angaben des US-Pr\u00e4sidenten k\u00fcnftig kein \u00d6l mehr aus Russland beziehen <\/strong>und w\u00fcrde damit einer US-Forderung nachgeben. Donald Trump sagte im Wei\u00dfen Haus,\u00a0der indische Premierminister Narendra Modi habe ihm versichert, dass das Land\u00a0kein \u00d6l mehr aus Russland\u00a0kaufen werde.<\/li>\n<li class=\"tspBUh1 tspBUh1\"><strong>Die EU-Kommission schl\u00e4gt vier europ\u00e4ische Leitprojekte im Verteidigungssektor vor, darunter ein Drohnenabwehrsystem und einen Plan zur Befestigung der Ostgrenze.<\/strong>\u00a0Ziel ist es, den Kontinent bis 2030 verteidigungsbereit zu machen.\u00a0<\/li>\n<li class=\"tspBUh1 tspBUh1\"><strong>US-Pr\u00e4sident Donald Trump hat vorgeschlagen, die\u00a0Einnahmen aus den geplanten 500-Prozent-Z\u00f6llen auf Importe aus China\u00a0zur\u00a0Finanzierung von Waffenlieferungen an die Ukraine\u00a0zu nutzen. <\/strong>Das berichtet\u00a0\u201eThe Telegraph\u201c\u00a0unter Berufung auf den US-Finanzminister Scott Bessent.<\/li>\n<li class=\"tspBUh1 tspBUh1\"><strong>Moskau hat Washington erneut vor einer \u201eernsten Eskalation\u201c gewarnt, sollte die Ukraine US-Marschflugk\u00f6rper vom Typ Tomahawk erhalten. <\/strong>Au\u00dfenminister Sergej Lawrow erkl\u00e4rte gegen\u00fcber der Zeitung \u201eKommersant\u201c,\u00a0ein solcher Schritt w\u00fcrde die bilateralen Beziehungen \u201ekolossal sch\u00e4digen\u201c.<\/li>\n<li class=\"tspBUh1 tspBUh1\"><strong>Die Ukraine meldet erneut einen massiven russischen Luftangriff. <\/strong>Russland habe in der Nacht mit mehr als 300 Drohnen und 37 Raketen angegriffen, teilte Pr\u00e4sident Wolodymyr Selenskyj mit.\u00a0<\/li>\n<li class=\"tspBUh1 tspBUh1\"><strong>Die USA haben Japan aufgefordert, seine Importe russischer Energie vollst\u00e4ndig einzustellen.<\/strong>\u00a0Dies teilt US-Finanzminister Scott Bessent am Mittwoch nach einem Treffen mit seinem japanischen Kollegen Katsunobu Kato auf der Online-Plattform X mit.<\/li>\n<li class=\"tspBUh1 tspBUh1\"><strong>Die Reparaturen an dem seit mehreren Wochen vom Stromnetz getrennten ukrainischen Atomkraftwerk Saporischschja sollen der Internationalen Atomenergiebeh\u00f6rde (IAEA) zufolge demn\u00e4chst beginnen. <\/strong>\u201eIch beratschlage weiterhin mit Russland und der Ukraine, damit diese Arbeiten in den n\u00e4chsten Tagen anfangen k\u00f6nnen\u201c, erkl\u00e4rte IAEA-Chef Rafael Grossi am Mittwoch.\u00a0<\/li>\n<\/ul>\n<p> Hintergrund und Analyse <a href=\"https:\/\/www.tagesspiegel.de\/internationales\/erkennen-dass-russland-der-treibende-faktor-ist-kann-trump-seinen-gaza-erfolg-im-ukraine-krieg-wiederholen-14572589.html?icid=single-topic_14588918___\" data-gtm-class=\"article-mzt-link\" class=\"tspBRlv\" rel=\"nofollow noopener\" target=\"_blank\">\u201eErkennen, dass Russland der treibende Faktor ist\u201c Kann Trump seinen Gaza-Erfolg im Ukrainekrieg wiederholen? <\/a><\/p>\n","protected":false},"excerpt":{"rendered":"Der russische Angriffskrieg hat nach dreieinhalb Jahren in allen Lebensbereichen der Ukrainer seine Spuren hinterlassen.\u00a0Auch Kunst und Kultur&hellip;\n","protected":false},"author":2,"featured_media":503478,"comment_status":"","ping_status":"","sticky":false,"template":"","format":"standard","meta":{"footnotes":""},"categories":[4012],"tags":[331,332,106,775,13,699,1435,14,15,307,12,317,64],"class_list":{"0":"post-503477","1":"post","2":"type-post","3":"status-publish","4":"format-standard","5":"has-post-thumbnail","7":"category-ukraine","8":"tag-aktuelle-nachrichten","9":"tag-aktuelle-news","10":"tag-donald-trump","11":"tag-friedrich-merz","12":"tag-headlines","13":"tag-indien","14":"tag-krieg-in-der-ukraine","15":"tag-nachrichten","16":"tag-news","17":"tag-russland","18":"tag-schlagzeilen","19":"tag-ukraine","20":"tag-usa"},"share_on_mastodon":{"url":"https:\/\/pubeurope.com\/@de\/115384520786060476","error":""},"_links":{"self":[{"href":"https:\/\/www.europesays.com\/de\/wp-json\/wp\/v2\/posts\/503477","targetHints":{"allow":["GET"]}}],"collection":[{"href":"https:\/\/www.europesays.com\/de\/wp-json\/wp\/v2\/posts"}],"about":[{"href":"https:\/\/www.europesays.com\/de\/wp-json\/wp\/v2\/types\/post"}],"author":[{"embeddable":true,"href":"https:\/\/www.europesays.com\/de\/wp-json\/wp\/v2\/users\/2"}],"replies":[{"embeddable":true,"href":"https:\/\/www.europesays.com\/de\/wp-json\/wp\/v2\/comments?post=503477"}],"version-history":[{"count":0,"href":"https:\/\/www.europesays.com\/de\/wp-json\/wp\/v2\/posts\/503477\/revisions"}],"wp:featuredmedia":[{"embeddable":true,"href":"https:\/\/www.europesays.com\/de\/wp-json\/wp\/v2\/media\/503478"}],"wp:attachment":[{"href":"https:\/\/www.europesays.com\/de\/wp-json\/wp\/v2\/media?parent=503477"}],"wp:term":[{"taxonomy":"category","embeddable":true,"href":"https:\/\/www.europesays.com\/de\/wp-json\/wp\/v2\/categories?post=503477"},{"taxonomy":"post_tag","embeddable":true,"href":"https:\/\/www.europesays.com\/de\/wp-json\/wp\/v2\/tags?post=503477"}],"curies":[{"name":"wp","href":"https:\/\/api.w.org\/{rel}","templated":true}]}}