{"id":503483,"date":"2025-10-16T15:22:10","date_gmt":"2025-10-16T15:22:10","guid":{"rendered":"https:\/\/www.europesays.com\/de\/503483\/"},"modified":"2025-10-16T15:22:10","modified_gmt":"2025-10-16T15:22:10","slug":"un-gremium-kritisiert-frankreichs-umgang-mit-minderjaehrigen-einwanderern","status":"publish","type":"post","link":"https:\/\/www.europesays.com\/de\/503483\/","title":{"rendered":"UN-Gremium kritisiert Frankreichs Umgang mit minderj\u00e4hrigen Einwanderern"},"content":{"rendered":"<p>      UN-Gremium kritisiert Frankreichs Umgang mit minderj\u00e4hrigen Einwanderern<\/p>\n<p>            Kopiere den aktuellen Link<\/p>\n<p>          Zur Merkliste hinzuf\u00fcgen<\/p>\n<p>Ein UN-Gremium hat Frankreichs Umgang mit minderj\u00e4hrigen unbegleiteten Einwanderern scharf kritisiert. Die Rechte von Kindern, die ohne ihre Familie nach Frankreich kommen, w\u00fcrden &#8222;systematisch schwer verletzt&#8220;, hei\u00dft es in einem am Donnerstag in Genf ver\u00f6ffentlichten Bericht des UN-Ausschusses f\u00fcr Kinderrechte.\u00a0<\/p>\n<p class=\"typo-body-sc-md is-initial\">Die Autoren bem\u00e4ngeln inbesondere die zweifelhaften Verfahren zur \u00dcberpr\u00fcfung des Alters von jungen Menschen, die sich als minderj\u00e4hrig bezeichnen. Diese basierten h\u00e4ufig auf der \u00e4u\u00dferen Erscheinung oder auf fragw\u00fcrdigen medizinischen Untersuchungen ohne die Anwesenheit einer Vertrauensperson oder eines Anwalts.\u00a0<\/p>\n<p class=\"typo-body-sc-md\">Dies f\u00fchre dazu, dass &#8222;eine gro\u00dfe Zahl&#8220; junger Migranten als Erwachsene eingestuft und behandelt werden. &#8222;Sie sind gezwungen, auf der Stra\u00dfe, in Parks oder Lagern zu leben, haben nicht genug zu essen, keinen Zugang zu Trinkwasser, keine medizinische Versorgung und k\u00f6nnen nicht in die Schule gehen&#8220;, hei\u00dft es in dem Bericht des Gremiums, dem 18 Experten angeh\u00f6ren. Die Minderj\u00e4hrigen seien zudem dem Risiko des Menschenhandels, des Missbrauchs und der Gewalt ausgesetzt.<\/p>\n<p class=\"typo-body-sc-md\">Am Ende der oft bis zu acht Monate dauernden Verfahren zur \u00dcberpr\u00fcfung des Alters w\u00fcrden 50 bis 80 Prozent dann doch als minderj\u00e4hrig anerkannt.\u00a0Das Gremium appelliert daher an Frankreich, die jungen Menschen so lange als Kinder zu behandeln, bis abschlie\u00dfend gekl\u00e4rt ist, ob sie vollj\u00e4hrig sind oder nicht.\u00a0<\/p>\n<p>\n    AFP\n  <\/p>\n","protected":false},"excerpt":{"rendered":"UN-Gremium kritisiert Frankreichs Umgang mit minderj\u00e4hrigen Einwanderern Kopiere den aktuellen Link Zur Merkliste hinzuf\u00fcgen Ein UN-Gremium hat Frankreichs&hellip;\n","protected":false},"author":2,"featured_media":503484,"comment_status":"","ping_status":"","sticky":false,"template":"","format":"standard","meta":{"footnotes":""},"categories":[3974],"tags":[331,332,548,663,3934,3980,156,13,14,15,12],"class_list":{"0":"post-503483","1":"post","2":"type-post","3":"status-publish","4":"format-standard","5":"has-post-thumbnail","7":"category-frankreich","8":"tag-aktuelle-nachrichten","9":"tag-aktuelle-news","10":"tag-eu","11":"tag-europa","12":"tag-europe","13":"tag-france","14":"tag-frankreich","15":"tag-headlines","16":"tag-nachrichten","17":"tag-news","18":"tag-schlagzeilen"},"share_on_mastodon":{"url":"https:\/\/pubeurope.com\/@de\/115384532660018453","error":""},"_links":{"self":[{"href":"https:\/\/www.europesays.com\/de\/wp-json\/wp\/v2\/posts\/503483","targetHints":{"allow":["GET"]}}],"collection":[{"href":"https:\/\/www.europesays.com\/de\/wp-json\/wp\/v2\/posts"}],"about":[{"href":"https:\/\/www.europesays.com\/de\/wp-json\/wp\/v2\/types\/post"}],"author":[{"embeddable":true,"href":"https:\/\/www.europesays.com\/de\/wp-json\/wp\/v2\/users\/2"}],"replies":[{"embeddable":true,"href":"https:\/\/www.europesays.com\/de\/wp-json\/wp\/v2\/comments?post=503483"}],"version-history":[{"count":0,"href":"https:\/\/www.europesays.com\/de\/wp-json\/wp\/v2\/posts\/503483\/revisions"}],"wp:featuredmedia":[{"embeddable":true,"href":"https:\/\/www.europesays.com\/de\/wp-json\/wp\/v2\/media\/503484"}],"wp:attachment":[{"href":"https:\/\/www.europesays.com\/de\/wp-json\/wp\/v2\/media?parent=503483"}],"wp:term":[{"taxonomy":"category","embeddable":true,"href":"https:\/\/www.europesays.com\/de\/wp-json\/wp\/v2\/categories?post=503483"},{"taxonomy":"post_tag","embeddable":true,"href":"https:\/\/www.europesays.com\/de\/wp-json\/wp\/v2\/tags?post=503483"}],"curies":[{"name":"wp","href":"https:\/\/api.w.org\/{rel}","templated":true}]}}