{"id":503487,"date":"2025-10-16T15:24:15","date_gmt":"2025-10-16T15:24:15","guid":{"rendered":"https:\/\/www.europesays.com\/de\/503487\/"},"modified":"2025-10-16T15:24:15","modified_gmt":"2025-10-16T15:24:15","slug":"carnivals-mardi-gras-ist-nach-ihrem-werftaufenthalt-in-europa-zurueck-in-dienst","status":"publish","type":"post","link":"https:\/\/www.europesays.com\/de\/503487\/","title":{"rendered":"Carnival&#8217;s Mardi Gras ist nach ihrem Werftaufenthalt in Europa zur\u00fcck in Dienst"},"content":{"rendered":"<p><b>Die Mardi Gras von Carnival Cruise Line stellte am 27. September 2025 zu ihrem ersten Werftaufenthalt in Barcelona den Betrieb ein und begr\u00fc\u00dft heute, am 16. Oktober 2025, wieder die ersten G\u00e4ste nach der Werft. In der Zwischenzeit wurde das Typschiff aus der Excel-Class mit Baujahr 2020 in Marseille technisch \u00fcberholt, renoviert und teils schon modernisiert.\u00a0<\/b><\/p>\n<p>Carnival Cruise Line hat eine Pressemitteilung zu allen Neuheiten an Bord herausgegeben. Es handelt es sich um den ersten Werftaufenthalt f\u00fcr die Mardi Gras seit ihrer Auslieferung durch Meyer Turku im Dezember 2020. In der Werft war auch die Klassifizierungsgesellschaft an Bord, die zahlreiche sicherheitsrelevante Systeme \u00fcberpr\u00fcft. Klassifizierungsarbeiten (\u201eSchiffs-T\u00dcV\u201c) im Trockendock m\u00fcssen auf Kreuzfahrtschiffen mindestens in einem f\u00fcnfj\u00e4hrigen Rhythmus stattfinden, sodass diese nun an der Reihe waren.\u00a0<\/p>\n<p>Die Mardi Gras nimmt zur aktuell beginnenden Wintersaison wieder Kurs auf die Karibik. In der Region sind die meisten Carnival Cruise Line Schiffe unterwegs. Die US-Reederei und zahlreiche Mitbewerber lassen\u00a0ihre Schiffe in Europa warten, obwohl sie dort \u00fcblicherweise nicht im Einsatz sind. Dies ist ein \u00fcbliches Vorgehen, da es insbesondere in Nordamerika und Asien kaum Werften gibt, die solche Arbeiten generell und in einer guten Qualit\u00e4t durchf\u00fchren k\u00f6nnen.\u00a0<\/p>\n<p><b>Reiseverlauf der Mardi Gras vom 16. bis 30. Oktober 2025:<\/b> Barcelona \u2013 Seetag \u2013 Malaga \u2013 Cadiz \u2013 Seetag \u2013 Santa Cruz (Teneriffa) \u2013 Seetag \u2013 Seetag \u2013 Seetag \u2013 Seetag \u2013 Seetag \u2013 Seetag \u2013 Seetag \u2013 Celebration Key (Grand Bahama Island) \u2013 Miami<\/p>\n<p><strong style=\"color: rgb(58, 58, 58); font-size: 1rem;\">Pressemitteilung (aus dem Englischen \u00fcbersetzt): Carnivals Mardi Gras bietet nach umfangreichen Trockendock-Arbeiten Platz f\u00fcr mehr Familien und Gruppen mit neuen Verbindungsr\u00e4umen und erweiterten R\u00e4umlichkeiten<\/strong><\/p>\n<ul>\n<li>\n<strong>G\u00e4ste brechen von Barcelona aus zu ihrer Transatlantikreise nach Port Canaveral auf und erleben als Erste neue Zimmer mit Verbindungst\u00fcr, ein erweitertes Casino und neu gestaltete Einzelhandelsfl\u00e4chen<\/strong>\n<\/li>\n<\/ul>\n<p>Carnival Cruise Line\u2019s Excel-Class Schiff, Mardi Gras , kehrt heute nach einem umfangreichen Trockendockaufenthalt im franz\u00f6sischen Marseille mit zahlreichen Neuerungen in den Einsatz zur\u00fcck. Von Barcelona aus sticht das Schiff zu einer 15-t\u00e4gigen Transatlantikreise zur\u00fcck in seinen Heimathafen Port Canaveral in Florida in See, um dort das ganze Jahr \u00fcber Kreuzfahrten zu atemberaubenden Zielen in der Karibik anzubieten.<\/p>\n<p>Zu den Neuerungen geh\u00f6ren Verbindungst\u00fcren in 100 Kabinen, die Mehrgenerationenfamilien und gr\u00f6\u00dferen Gruppen mehr Flexibilit\u00e4t f\u00fcr einen gemeinsamen Urlaub bieten. Carnival Adventures wurde mit einem neuen Layout ausgestattet, das G\u00e4sten ein nahtloses Buchungserlebnis bei Ausfl\u00fcgen erm\u00f6glicht. Das Casino des Schiffes wurde um neue Spielautomaten erweitert, und mehrere Gesch\u00e4fte, darunter Tag Heuer, Breitling, Pandora und Swarovski, wurden erneuert. Das Schiff wurde au\u00dferdem einer Reihe von \u00c4nderungen unterzogen, um die Barrierefreiheit zu verbessern, darunter neu gestaltete Laufstege und eine verbesserte Ausstattung sowohl in den \u00f6ffentlichen Bereichen als auch in den G\u00e4stekabinen.<\/p>\n<p>\u201eDie Mardi Gras war ein Wendepunkt, als sie als unser erstes Schiff der Excel-Klasse deb\u00fctierte, und jetzt setzt sie als erstes Schiff ihrer Klasse, das ein Trockendock absolviert hat, erneut Ma\u00dfst\u00e4be\u201c, sagte Christine Duffy, Pr\u00e4sidentin von Carnival Cruise Line. \u201eDiese Neuerungen verbessern nicht nur das Borderlebnis f\u00fcr Familien und Gruppen, sondern signalisieren auch die spannende Richtung, in die wir mit zuk\u00fcnftigen Flottenerweiterungen gehen.\u201c<\/p>\n<p>G\u00e4ste an Bord der Mardi Gras genie\u00dfen eine 15-t\u00e4gige Transatlantikreise von Barcelona nach Port Canaveral mit Zwischenstopps in M\u00e1laga und C\u00e1diz (Sevilla) in Spanien, Teneriffa auf den Kanarischen Inseln und Carnivals exklusivem Reiseziel Celebration Key. Das 6.400 Passagiere fassende Schiff wird ganzj\u00e4hrig in Port Canaveral stationiert sein und von dort aus weiterhin sieben- bis neunt\u00e4gige Routen zu beliebten karibischen Zielen anbieten. Im Jahr 2027 wird die Mardi Gras als erstes Schiff der Excel-Klasse und als gr\u00f6\u00dftes der Flotte kurze vier- und f\u00fcnft\u00e4gige Routen in die Karibik anbieten.<\/p>\n","protected":false},"excerpt":{"rendered":"Die Mardi Gras von Carnival Cruise Line stellte am 27. September 2025 zu ihrem ersten Werftaufenthalt in Barcelona&hellip;\n","protected":false},"author":2,"featured_media":503488,"comment_status":"","ping_status":"","sticky":false,"template":"","format":"standard","meta":{"footnotes":""},"categories":[3933],"tags":[331,332,125873,548,663,158,3934,3935,13,28793,125874,14,15,12],"class_list":{"0":"post-503487","1":"post","2":"type-post","3":"status-publish","4":"format-standard","5":"has-post-thumbnail","7":"category-eu","8":"tag-aktuelle-nachrichten","9":"tag-aktuelle-news","10":"tag-carnival-cruise-line-news","11":"tag-eu","12":"tag-europa","13":"tag-europaeische-union","14":"tag-europe","15":"tag-european-union","16":"tag-headlines","17":"tag-kreuzfahrt-news","18":"tag-ms-mardi-gras","19":"tag-nachrichten","20":"tag-news","21":"tag-schlagzeilen"},"share_on_mastodon":{"url":"https:\/\/pubeurope.com\/@de\/115384540618482431","error":""},"_links":{"self":[{"href":"https:\/\/www.europesays.com\/de\/wp-json\/wp\/v2\/posts\/503487","targetHints":{"allow":["GET"]}}],"collection":[{"href":"https:\/\/www.europesays.com\/de\/wp-json\/wp\/v2\/posts"}],"about":[{"href":"https:\/\/www.europesays.com\/de\/wp-json\/wp\/v2\/types\/post"}],"author":[{"embeddable":true,"href":"https:\/\/www.europesays.com\/de\/wp-json\/wp\/v2\/users\/2"}],"replies":[{"embeddable":true,"href":"https:\/\/www.europesays.com\/de\/wp-json\/wp\/v2\/comments?post=503487"}],"version-history":[{"count":0,"href":"https:\/\/www.europesays.com\/de\/wp-json\/wp\/v2\/posts\/503487\/revisions"}],"wp:featuredmedia":[{"embeddable":true,"href":"https:\/\/www.europesays.com\/de\/wp-json\/wp\/v2\/media\/503488"}],"wp:attachment":[{"href":"https:\/\/www.europesays.com\/de\/wp-json\/wp\/v2\/media?parent=503487"}],"wp:term":[{"taxonomy":"category","embeddable":true,"href":"https:\/\/www.europesays.com\/de\/wp-json\/wp\/v2\/categories?post=503487"},{"taxonomy":"post_tag","embeddable":true,"href":"https:\/\/www.europesays.com\/de\/wp-json\/wp\/v2\/tags?post=503487"}],"curies":[{"name":"wp","href":"https:\/\/api.w.org\/{rel}","templated":true}]}}