{"id":503491,"date":"2025-10-16T15:26:12","date_gmt":"2025-10-16T15:26:12","guid":{"rendered":"https:\/\/www.europesays.com\/de\/503491\/"},"modified":"2025-10-16T15:26:12","modified_gmt":"2025-10-16T15:26:12","slug":"verunglueckter-biathlon-star-bergsteiger-huber-berichtet-von-letztem-versuch-laura-dahlmeiers-leiche-zu-bergen","status":"publish","type":"post","link":"https:\/\/www.europesays.com\/de\/503491\/","title":{"rendered":"Verungl\u00fcckter Biathlon-Star: Bergsteiger Huber berichtet von letztem Versuch, Laura Dahlmeiers Leiche zu bergen"},"content":{"rendered":"<p>                    Verungl\u00fcckter Biathlon-Star<br \/>\n                Bergsteiger Huber berichtet von letztem Versuch, Laura Dahlmeiers Leiche zu bergen<\/p>\n<p>\t\t\t\t              16.10.2025, 14:55 Uhr<\/p>\n<p><strong>Ende Juli verungl\u00fcckt die ehemalige Biathlon-Olympiasiegerin Laura Dahlmeier beim Bergsteigen t\u00f6dlich. Laut ihres Vaters wird ihre Leiche nicht mehr geborgen. Eine Bergungsmission fand keine Leiche am Unfallort, Profibergsteiger Thomas Huber hat eine Erkl\u00e4rung daf\u00fcr.<\/strong><\/p>\n<p>Der Leichnam der im Sommer im Karakorum-Gebirge in Pakistan verungl\u00fcckten Bergsteigerin Laura Dahlmeier wird nicht mehr geborgen. Dies best\u00e4tigte Andreas Dahlmeier, der Vater der ehemaligen Spitzenbiathletin, dem Magazin &#8222;Spiegel&#8220;. &#8222;Wir h\u00e4tten Laura gern nach Hause gebracht. Aber es war nicht m\u00f6glich, sie zu holen&#8220;, sagte Vater Dahlmeier. &#8222;Somit bleibt Laura am Berg zur\u00fcck. Es besteht keine Chance, sie noch zu bergen.&#8220;<\/p>\n<p>Die 31-j\u00e4hrige Dahlmeier war Ende Juli beim Abstieg vom Laila Peak im Norden von Pakistan ums Leben gekommen. Die zweifache Biathlon-Olympiasiegerin und siebenmalige Weltmeisterin war mit ihrer Seilpartnerin unterwegs, als sie auf einer H\u00f6he von 5700 Metern von Steinschlag getroffen wurde. Nach dem Ungl\u00fcck war es wegen der gef\u00e4hrlichen Verh\u00e4ltnisse am Berg unm\u00f6glich, zur Unfallstelle vorzudringen. <\/p>\n<p>Huber: &#8222;Laura war nicht mehr an der Unfallstelle&#8220;<\/p>\n<p>Auf Wunsch der Eltern von Laura Dahlmeier hatte daraufhin im September der Berchtesgadener Profibergsteiger Thomas Huber, der die ehemalige Weltklasseathletin gut kannte, gemeinsam mit dem US-Alpinisten Tad McCrea einen Bergungsversuch unternommen.<\/p>\n<p>Das Magazin &#8222;Spiegel&#8220; sprach nun auch mit Huber \u00fcber den Einsatz. Der Bergsteiger berichtete, dass sich der Leichnam Dahlmeiers nicht mehr an der Unfallstelle befunden habe.<\/p>\n<p>&#8222;Ich wusste genau, wohin wir gehen mussten, um den optimalen Blick zu haben. Wir hatten ein Spektiv mit 30-facher Vergr\u00f6\u00dferung dabei, mit dem wir das Gel\u00e4nde absuchten, au\u00dferdem eine Drohne. Wenn wir Laura gefunden h\u00e4tten, w\u00e4ren wir in die Wand gestiegen und h\u00e4tten sie geborgen. Wie erwartet, war Laura aber nicht mehr an der Unfallstelle&#8220;, sagte Huber.<\/p>\n<p>Dahlmeiers Leiche wohl in Gletscherspalte<\/p>\n<p>Laut des Magazins vermutet Huber, dass der Leichnam Dahlmeiers die Gipfelwand hinuntergest\u00fcrzt sei und nun in einer Gletscherspalte am Fu\u00df der Wand liegen w\u00fcrde. Huber und McCrea inspizierten auch alle infrage kommenden Gletscherspalten. &#8222;Wir wollten alle M\u00f6glichkeiten pr\u00fcfen und absuchen, wo sie sein k\u00f6nnte. Wir suchten alle Spalten ab, kletterten in ein gro\u00dfes Eisloch, aber wir haben keine Spuren gefunden.&#8220;<\/p>\n<p>Es sei davon auszugehen, so Huber, dass der K\u00f6rper von Laura Dahlmeier in einer der Gletscherspalten inzwischen von den Gesteinsmassen, die jeden Tag vom Berg herunterfallen, begraben wurde. Nach Angaben ihres Managements hatte Dahlmeier verf\u00fcgt, dass im Fall ihres Todes ihr Leichnam nicht geborgen werden solle, falls sich Helfer bei der Bergung in Lebensgefahr begeben w\u00fcrden.<\/p>\n<p>Thomas Huber hat den Eltern Aufnahmen von dem Ort gezeigt, an dem ihre Tochter vermutlich liegt. Man habe dort einen Blick auf ein riesiges Gletschertal und ein Bergpanorama mit drei Achttausendern. &#8222;Es ist ein wundersch\u00f6ner Ort, wo Laura jetzt ihre Ruhe findet&#8220;, sagte Huber.<\/p>\n","protected":false},"excerpt":{"rendered":"Verungl\u00fcckter Biathlon-Star Bergsteiger Huber berichtet von letztem Versuch, Laura Dahlmeiers Leiche zu bergen 16.10.2025, 14:55 Uhr Ende Juli&hellip;\n","protected":false},"author":2,"featured_media":503492,"comment_status":"","ping_status":"","sticky":false,"template":"","format":"standard","meta":{"footnotes":""},"categories":[5],"tags":[331,332,862,3364,29,30,13,88039,14,15,10670,12,265,1719,864],"class_list":{"0":"post-503491","1":"post","2":"type-post","3":"status-publish","4":"format-standard","5":"has-post-thumbnail","7":"category-nachrichten","8":"tag-aktuelle-nachrichten","9":"tag-aktuelle-news","10":"tag-biathlon","11":"tag-de","12":"tag-deutschland","13":"tag-germany","14":"tag-headlines","15":"tag-laura-dahlmeier","16":"tag-nachrichten","17":"tag-news","18":"tag-pakistan","19":"tag-schlagzeilen","20":"tag-sport","21":"tag-todesfaelle","22":"tag-wintersport"},"share_on_mastodon":{"url":"https:\/\/pubeurope.com\/@de\/115384548368148772","error":""},"_links":{"self":[{"href":"https:\/\/www.europesays.com\/de\/wp-json\/wp\/v2\/posts\/503491","targetHints":{"allow":["GET"]}}],"collection":[{"href":"https:\/\/www.europesays.com\/de\/wp-json\/wp\/v2\/posts"}],"about":[{"href":"https:\/\/www.europesays.com\/de\/wp-json\/wp\/v2\/types\/post"}],"author":[{"embeddable":true,"href":"https:\/\/www.europesays.com\/de\/wp-json\/wp\/v2\/users\/2"}],"replies":[{"embeddable":true,"href":"https:\/\/www.europesays.com\/de\/wp-json\/wp\/v2\/comments?post=503491"}],"version-history":[{"count":0,"href":"https:\/\/www.europesays.com\/de\/wp-json\/wp\/v2\/posts\/503491\/revisions"}],"wp:featuredmedia":[{"embeddable":true,"href":"https:\/\/www.europesays.com\/de\/wp-json\/wp\/v2\/media\/503492"}],"wp:attachment":[{"href":"https:\/\/www.europesays.com\/de\/wp-json\/wp\/v2\/media?parent=503491"}],"wp:term":[{"taxonomy":"category","embeddable":true,"href":"https:\/\/www.europesays.com\/de\/wp-json\/wp\/v2\/categories?post=503491"},{"taxonomy":"post_tag","embeddable":true,"href":"https:\/\/www.europesays.com\/de\/wp-json\/wp\/v2\/tags?post=503491"}],"curies":[{"name":"wp","href":"https:\/\/api.w.org\/{rel}","templated":true}]}}