{"id":503521,"date":"2025-10-16T15:42:11","date_gmt":"2025-10-16T15:42:11","guid":{"rendered":"https:\/\/www.europesays.com\/de\/503521\/"},"modified":"2025-10-16T15:42:11","modified_gmt":"2025-10-16T15:42:11","slug":"nach-fahndung-20-jaehriger-stellt-sich-der-polizei-dortmund-wegen-versuchtem-toetungsdelikt","status":"publish","type":"post","link":"https:\/\/www.europesays.com\/de\/503521\/","title":{"rendered":"Nach Fahndung 20-J\u00e4hriger stellt sich der Polizei Dortmund wegen versuchtem T\u00f6tungsdelikt"},"content":{"rendered":"<p>\t\tFrau in Dortmunder Kleingarten gew\u00fcrgt<br \/>\n\t\t\t\t\t20-J\u00e4hriger nach versuchtem T\u00f6tungsdelikt in U-Haft<\/p>\n<p>    <a href=\"https:\/\/www.ruhrnachrichten.de\/wp-content\/uploads\/2025\/10\/16\/09\/630_0900_5179864_-1648x824.jpg\" rel=\"nofollow noopener\" target=\"_blank\"><\/p>\n<p>            <img loading=\"lazy\" decoding=\"async\" src=\"https:\/\/www.europesays.com\/de\/wp-content\/uploads\/2025\/10\/630_0900_5179881_-640x426.jpg\" width=\"640\" height=\"426\"  alt=\"Man sieht ein Scuhld der Kleingartenanlage Nord und im Hintergrund B\u00e4ume.\"\/><\/p>\n<p>    <\/a><br \/>\n    In dieser Kleingartenanlage soll der Tatverd\u00e4chtige die 30-J\u00e4hrige bis zur Bewusstlosigkeit gew\u00fcrgt haben. \u00a9 Tim Ruben Weimer<\/p>\n<p class=\"article__teaser-text\">Die Polizei Dortmund suchte \u00f6ffentlich nach einem Tatverd\u00e4chtigen. Jetzt sitzt ein 20-J\u00e4hriger nach einem versuchten T\u00f6tungsdelikt in Untersuchungshaft.<\/p>\n<p>1 Min Lesezeit<\/p>\n<p>Nach einem versuchten T\u00f6tungsdelikt in einem Dortmunder Kleingarten hat sich ein Tatverd\u00e4chtiger in der Nacht vom 15. auf den 16.10. bei der <a href=\"https:\/\/www.ruhrnachrichten.de\/blaulicht-dortmund\/\" data-imported=\"1\" rel=\"nofollow noopener\" target=\"_blank\">Polizei Dortmund<\/a> gestellt. Das teilten Polizei und Staatsanwaltschaft Dortmund in einer gemeinsamen Pressemitteilung mit.<\/p>\n<p>Der Tatverd\u00e4chtige ist ein 20-j\u00e4hriger Dortmunder. Er wurde vorl\u00e4ufig festgenommen und sitzt nun in Untersuchungshaft, wie Polizei und Staatsanwaltschaft in einer Folgemeldung schreiben. Am Donnerstag (16.10.) wurde der Tatverd\u00e4chtige einem Haftrichter vorgef\u00fchrt. Der erlie\u00df auf Antrag der Staatsanwaltschaft einen Untersuchungshaftbefehl.<\/p>\n<p>Vorher hatte die Dortmunder Polizei mit Fotos nach besagtem Tatverd\u00e4chtigen in dem versuchten T\u00f6tungsdelikt gefahndet. Am Donnerstagnachmittag (9.10.) soll er eine 30-j\u00e4hrige obdachlose Frau in einer Kleingartenanlage Nord an der Eberstra\u00dfe bis zur Bewusstlosigkeit gew\u00fcrgt haben.<\/p>\n<p>\t\t<a href=\"https:\/\/www.ruhrnachrichten.de\/dortmund\/obdachlose-dortmund-kleingarten-gewuergt-polizei-sucht-taeter-fahndungsfoto-w1090217-2001845430\/\" rel=\"nofollow noopener\" aria-hidden=\"true\" tabindex=\"-1\" title=\"Versuchte T\u00f6tung in Dortmunder Kleingarten Polizei fahndete mit Foto nach mutma\u00dflichem T\u00e4ter\" aria-label=\"Versuchte T\u00f6tung in Dortmunder Kleingarten Polizei fahndete mit Foto nach mutma\u00dflichem T\u00e4ter\" target=\"_blank\"><\/p>\n<p>                <img decoding=\"async\" src=\"https:\/\/www.europesays.com\/de\/wp-content\/uploads\/2025\/10\/630_0900_5178338_-160x160.jpg\"  width=\"160\" height=\"160\" alt=\"Blick in die Kleingartenanlage Nord\" loading=\"lazy\"\/><\/p>\n<p>\t\t<\/a><\/p>\n<p>Der Tatverd\u00e4chtige soll die Tat gegen 16.30 Uhr hinter dem Gartenh\u00e4uschen eines Eckgrundst\u00fccks im hintersten nicht-einsehbaren Bereich der Kleingartenanlage begangen haben. Die Gesch\u00e4digte war dann in ein Krankenhaus gekommen, aus dem sie sich selbst entlassen hatte. Ordnungsbeamte hatten den Tatverd\u00e4chtigen und die Gesch\u00e4digte von der Bergmannstra\u00dfe bis zur Kleingartenanlage verfolgt und die Polizei verst\u00e4ndigt.<\/p>\n<p>Ein Zeuge vor Ort hatte berichtet, dass die 30-J\u00e4hrige sich nachts \u00f6fter in der Kleingartenparzelle aufgehalten hatte. Laut dem Vereinsvorsitzenden habe es \u00f6fter Probleme mit Obdachlosen gegeben. Es ist kein Zusammenhang zur P\u00e4chterin des Kleingartens bekannt.<\/p>\n","protected":false},"excerpt":{"rendered":"Frau in Dortmunder Kleingarten gew\u00fcrgt 20-J\u00e4hriger nach versuchtem T\u00f6tungsdelikt in U-Haft In dieser Kleingartenanlage soll der Tatverd\u00e4chtige die&hellip;\n","protected":false},"author":2,"featured_media":503522,"comment_status":"","ping_status":"","sticky":false,"template":"","format":"standard","meta":{"footnotes":""},"categories":[1833],"tags":[1950,3364,29,217,30,1209,9958],"class_list":{"0":"post-503521","1":"post","2":"type-post","3":"status-publish","4":"format-standard","5":"has-post-thumbnail","7":"category-dortmund","8":"tag-blaulicht","9":"tag-de","10":"tag-deutschland","11":"tag-dortmund","12":"tag-germany","13":"tag-nordrhein-westfalen","14":"tag-toetungsdelikt"},"share_on_mastodon":{"url":"https:\/\/pubeurope.com\/@de\/115384611391624423","error":""},"_links":{"self":[{"href":"https:\/\/www.europesays.com\/de\/wp-json\/wp\/v2\/posts\/503521","targetHints":{"allow":["GET"]}}],"collection":[{"href":"https:\/\/www.europesays.com\/de\/wp-json\/wp\/v2\/posts"}],"about":[{"href":"https:\/\/www.europesays.com\/de\/wp-json\/wp\/v2\/types\/post"}],"author":[{"embeddable":true,"href":"https:\/\/www.europesays.com\/de\/wp-json\/wp\/v2\/users\/2"}],"replies":[{"embeddable":true,"href":"https:\/\/www.europesays.com\/de\/wp-json\/wp\/v2\/comments?post=503521"}],"version-history":[{"count":0,"href":"https:\/\/www.europesays.com\/de\/wp-json\/wp\/v2\/posts\/503521\/revisions"}],"wp:featuredmedia":[{"embeddable":true,"href":"https:\/\/www.europesays.com\/de\/wp-json\/wp\/v2\/media\/503522"}],"wp:attachment":[{"href":"https:\/\/www.europesays.com\/de\/wp-json\/wp\/v2\/media?parent=503521"}],"wp:term":[{"taxonomy":"category","embeddable":true,"href":"https:\/\/www.europesays.com\/de\/wp-json\/wp\/v2\/categories?post=503521"},{"taxonomy":"post_tag","embeddable":true,"href":"https:\/\/www.europesays.com\/de\/wp-json\/wp\/v2\/tags?post=503521"}],"curies":[{"name":"wp","href":"https:\/\/api.w.org\/{rel}","templated":true}]}}