{"id":503562,"date":"2025-10-16T16:03:13","date_gmt":"2025-10-16T16:03:13","guid":{"rendered":"https:\/\/www.europesays.com\/de\/503562\/"},"modified":"2025-10-16T16:03:13","modified_gmt":"2025-10-16T16:03:13","slug":"berlin-freiheitsausstellung-im-schloss-geplant-leben-wissen","status":"publish","type":"post","link":"https:\/\/www.europesays.com\/de\/503562\/","title":{"rendered":"Berlin: Freiheitsausstellung im Schloss geplant | Leben &#038; Wissen"},"content":{"rendered":"<p> An dieser Stelle findest du den Text-to-Speech Player<\/p>\n<p> Um den TTS Player darzustellen, brauchen wir deine Zustimmung. <\/p>\n<p> externen Inhalt aktivieren  Um eingebettete Inhalte anzuzeigen, ist Ihre jederzeit widerrufliche Einwilligung (\u00fcber den Schalter oder \u00fcber &#8220; <a class=\"embed-placeholder__text-link\" href=\"#\" rel=\"noopener noreferrer\" title=\"Tracking widerrufen\"> Widerruf Tracking und Cookies<\/a> &#8220; am Seitenende) zur Verarbeitung personenbezogener Daten n\u00f6tig.  Dabei k\u00f6nnen Daten in Drittl\u00e4nder wie die USA \u00fcbermittelt werden (Art. 49 Abs. 1 lit. a DSGVO). Mit dem Aktivieren des Inhalts stimmen Sie zu. Weitere Infos finden Sie <a class=\"embed-placeholder__text-link\" href=\"#\" rel=\"noopener noreferrer\" title=\"Zu den Privatsph\u00e4re Einstellungen\"> hier<\/a>. <\/p>\n<p data-suggestion-id=\"suggestions-0-362\"><b>Berlin soll eine Freiheitsausstellung zu Opposition und Widerstand zwischen 1945 und 1990 bekommen. 2029 soll sie im Humboldt-Forum im Berliner Schloss auf einer Fl\u00e4che von 4000 Quadratmetern er\u00f6ffnen. Frank Ebert, Berliner Beauftragter zur Aufarbeitung der SED-Diktatur und der Berliner CDU-Fraktionsvorsitzende Dirk Stettner stellten die Pl\u00e4ne vor.<\/b><\/p>\n<p data-suggestion-id=\"suggestions-0-362\">\u201eWir wollen Einheit und Freiheit als Berliner Spezifikum in die Welt hinaustragen\u201c, erl\u00e4uterte Stettner. Die Idee zu der Ausstellung stammt von Frank Ebert, der in der <a href=\"https:\/\/www.bild.de\/themen\/orte\/ddr\/politik-nachrichten-news-fotos-videos-20442104.bild.html\" class=\"text-link\" target=\"_blank\" rel=\"noopener\">DDR<\/a> selbst f\u00fcr Freiheit und Demokratie k\u00e4mpfte. Er trug 1989 in Ost-Berlin zur Aufdeckung der F\u00e4lschung der DDR-Kommunalwahlen bei, protestierte gegen den Wahlbetrug und war Mitorganisator mehrerer Demonstrationen gegen die SED-Diktatur wie der Mahnwache an der Gethsemanekirche.<\/p>\n<p><img decoding=\"async\" width=\"992\" height=\"558\" alt=\"Die Freiheitsausstellung im Berliner Schloss soll 2029 er\u00f6ffnet. Dann j\u00e4hrt sich der Fall der Berliner Mauer zum 40. Mal\" src=\"https:\/\/www.europesays.com\/de\/wp-content\/uploads\/2025\/10\/38531546e23ebd02f9db28a7b66bc938,46272571\"   class=\"landscape\" loading=\"lazy\"\/><\/p>\n<p class=\"fig__caption__text\">Die Freiheitsausstellung im Berliner Schloss soll 2029 er\u00f6ffnen. Dann j\u00e4hrt sich der Fall der Berliner Mauer zum 40. Mal<\/p>\n<p>Foto: facts and fiction<\/p>\n<p data-suggestion-id=\"suggestions-362-905\">\u201eDie Friedliche Revolution ist das zentrale positive Ereignis in der deutschen Geschichte des 20. Jahrhunderts\u201c, so Frank Ebert. Das Positive der erk\u00e4mpften Freiheit soll im Mittelpunkt stehen, weniger der Blick auf die Repressalien, die DDR-Oppositionelle in den Haftanstalten erlitten. Die meisten Menschen h\u00e4tten sich bewusst entschieden, Widerstand zu leisten und in die Opposition zu gehen.<\/p>\n<p><img decoding=\"async\" width=\"992\" height=\"558\" alt=\"Frank Ebert (55, rechts), Berliner Beauftragter zur Aufarbeitung der SED-Diktatur, und Dirk Stettner (56), Vorsitzender der Berliner CDU-Fraktion, mit einer Deutschland-Flagge vor dem Eingang zum Humboldt-Forum in Berlin. Sie stellten die Pl\u00e4ne am Donnerstag vor\" src=\"https:\/\/www.europesays.com\/de\/wp-content\/uploads\/2025\/10\/89330fd8b7597fec582fb88d63c79af7,dab4e9a2\"   class=\"landscape\" loading=\"lazy\"\/><\/p>\n<p class=\"fig__caption__text\">Frank Ebert (55, rechts), Berliner Beauftragter zur Aufarbeitung der SED-Diktatur, und Dirk Stettner (56), Vorsitzender der Berliner CDU-Fraktion, mit einer Deutschland-Flagge vor dem Eingang zum Humboldt-Forum in Berlin. Sie stellten die Pl\u00e4ne zur Freiheitsausstellung am Donnerstag vor<\/p>\n<p>Foto: Soeren Stache\/dpa<\/p>\n<p data-suggestion-id=\"suggestions-905-1358\">\u201eWir k\u00f6nnen Heldengeschichten erz\u00e4hlen\u201c, so Frank Ebert. Die Ausstellung soll den Kampf gegen die kommunistische Diktatur nicht nur in der DDR sondern in allen osteurop\u00e4ischen L\u00e4ndern zeigen. \u201eOhne Prag 1968 und ohne Solidarnosc in <a href=\"https:\/\/www.bild.de\/news\/ausland\/polen\/thema-polen-alle-infos-80023136.bild.html\" class=\"text-link\" target=\"_blank\" rel=\"noopener\">Polen<\/a> h\u00e4tten wir niemals das erreicht, was wir 1989 erreicht haben\u201c, so Ebert.<\/p>\n<p>Mehr zum Thema<\/p>\n<p>Noch ist die Planung f\u00fcr die Freiheitsausstellung, die 10 Jahre auf der Fl\u00e4che des Landes Berlin im wiederaufgebauten Stadtschloss gezeigt werden soll, am Anfang. Im n\u00e4chsten Jahr soll eine Agentur mit der Umsetzung beginnen, die Berliner CDU will entsprechende Mittel im Haushalt des Landes einplanen. <\/p>\n","protected":false},"excerpt":{"rendered":"An dieser Stelle findest du den Text-to-Speech Player Um den TTS Player darzustellen, brauchen wir deine Zustimmung. externen&hellip;\n","protected":false},"author":2,"featured_media":503563,"comment_status":"","ping_status":"","sticky":false,"template":"","format":"standard","meta":{"footnotes":""},"categories":[1825],"tags":[296,37535,129,29,30,66523,125883,2512,125884,45,66524],"class_list":{"0":"post-503562","1":"post","2":"type-post","3":"status-publish","4":"format-standard","5":"has-post-thumbnail","7":"category-berlin","8":"tag-berlin","9":"tag-berliner-mauer","10":"tag-ddr","11":"tag-deutschland","12":"tag-germany","13":"tag-mauerfall","14":"tag-meinungsrecht","15":"tag-opposition","16":"tag-saure-hans-wilhelm","17":"tag-texttospeech","18":"tag-wiedervereinigung"},"share_on_mastodon":{"url":"https:\/\/pubeurope.com\/@de\/115384694530133458","error":""},"_links":{"self":[{"href":"https:\/\/www.europesays.com\/de\/wp-json\/wp\/v2\/posts\/503562","targetHints":{"allow":["GET"]}}],"collection":[{"href":"https:\/\/www.europesays.com\/de\/wp-json\/wp\/v2\/posts"}],"about":[{"href":"https:\/\/www.europesays.com\/de\/wp-json\/wp\/v2\/types\/post"}],"author":[{"embeddable":true,"href":"https:\/\/www.europesays.com\/de\/wp-json\/wp\/v2\/users\/2"}],"replies":[{"embeddable":true,"href":"https:\/\/www.europesays.com\/de\/wp-json\/wp\/v2\/comments?post=503562"}],"version-history":[{"count":0,"href":"https:\/\/www.europesays.com\/de\/wp-json\/wp\/v2\/posts\/503562\/revisions"}],"wp:featuredmedia":[{"embeddable":true,"href":"https:\/\/www.europesays.com\/de\/wp-json\/wp\/v2\/media\/503563"}],"wp:attachment":[{"href":"https:\/\/www.europesays.com\/de\/wp-json\/wp\/v2\/media?parent=503562"}],"wp:term":[{"taxonomy":"category","embeddable":true,"href":"https:\/\/www.europesays.com\/de\/wp-json\/wp\/v2\/categories?post=503562"},{"taxonomy":"post_tag","embeddable":true,"href":"https:\/\/www.europesays.com\/de\/wp-json\/wp\/v2\/tags?post=503562"}],"curies":[{"name":"wp","href":"https:\/\/api.w.org\/{rel}","templated":true}]}}