{"id":503599,"date":"2025-10-16T16:22:15","date_gmt":"2025-10-16T16:22:15","guid":{"rendered":"https:\/\/www.europesays.com\/de\/503599\/"},"modified":"2025-10-16T16:22:15","modified_gmt":"2025-10-16T16:22:15","slug":"eroeffnung-ruhetage-und-co-alle-infos","status":"publish","type":"post","link":"https:\/\/www.europesays.com\/de\/503599\/","title":{"rendered":"Er\u00f6ffnung, Ruhetage und Co. \u2013 alle Infos"},"content":{"rendered":"<p>Er\u00f6ffnung, Ruhetage und Co. <\/p>\n<p>Weihnachtsmarkt 2025: Die wichtigsten Infos<\/p>\n<p>16.10.2025 &#8211; 17:41 UhrLesedauer: 2 Min.<\/p>\n<p><a href=\"#focus-0\" class=\"transition-colors duration-200 block text-current relative\" data-sctrack=\"FocusGalleryImage.Reference\"><img fetchpriority=\"high\" data-testid=\"Opener.Image\" style=\"--lqipURL:url('https:\/\/images.t-online.de\/2024\/10\/CWdaZN7Y-bED\/0x312:4000x2250\/fit-in\/150x0\/filters:blur(25)\/der-braunschweiger-weihnachtsmarkt-bei-nacht-archivbild-hier-sind-ab-ende-november-wieder-viele-staende-aufgebaut.jpg')\"   loading=\"eager\" src=\"https:\/\/www.europesays.com\/de\/wp-content\/uploads\/2025\/10\/der-braunschweiger-weihnachtsmarkt-bei-nacht-archivbild-hier-sind-ab-ende-november-wieder-viele-stae.jpeg\" alt=\"Der Braunschweiger Weihnachtsmarkt bei Nacht (Archivbild): Hier sind ab Ende November wieder viele St\u00e4nde aufgebaut.\" title=\"Der Braunschweiger Weihnachtsmarkt bei Nacht (Archivbild): Hier sind ab Ende November wieder viele St\u00e4nde aufgebaut.\" width=\"4000\" height=\"2250\" class=\"bg-[url:var(--lqipURL)] bg-cover bg-center flex h-full w-full max-w-full\" decoding=\"async\"\/><img style=\"--width:32;--height:32\" loading=\"lazy\" src=\"https:\/\/www.t-online.de\/s\/paper\/_next\/static\/media\/zoom-in.f7dae02f.svg\" alt=\"Vergr\u00f6\u00dfern des Bildes\" title=\"Vergr\u00f6\u00dfern des Bildes\" class=\"block h-[calc(var(--height)_\/_16_*_1rem)] w-[calc(var(--width)_\/_16_*_1rem)] max-w-none absolute bottom-8 right-8 rounded-4 bg-snow p-8\" decoding=\"async\"\/><\/a><\/p>\n<p>Der Braunschweiger Weihnachtsmarkt bei Nacht (Archivbild): Hier sind ab Ende November wieder viele St\u00e4nde aufgebaut. (Quelle: imago images\/Patrice von Collani)<\/p>\n<p class=\"font-bold text-18 leading-17\">Die Weihnachtsstimmung steigt \u2013 auch in Braunschweig. Schon bald verwandelt sich die Innenstadt wieder in ein Lichtermeer. Die wichtigsten Infos zum Weihnachtsmarkt gibt es hier.<\/p>\n<p class=\"text-18 leading-17\">Die Temperaturen fallen, in den Superm\u00e4rkten gibt es bereits Lebkuchen, Spekulatius und Stollen zu kaufen, und mancherorts wird schon jetzt die Festbeleuchtung angebracht. <a class=\"transition-colors duration-200 cursor-pointer text-inherit no-underline text-salemsfur md:hover:text-magenta md:hover:border-magenta md:focus:text-magenta border-current border-b border-solid break-words\" href=\"https:\/\/www.t-online.de\/themen\/weihnachten\/\" data-sctrack=\"BodyAnchor\" target=\"_blank\" rel=\"noopener\">Weihnachten<\/a> naht mit gro\u00dfen Schritten \u2013 und auch die Planungen f\u00fcr den Weihnachtsmarkt in der Innenstadt von <a class=\"transition-colors duration-200 cursor-pointer text-inherit no-underline text-salemsfur md:hover:text-magenta md:hover:border-magenta md:focus:text-magenta border-current border-b border-solid break-words\" href=\"https:\/\/www.t-online.de\/themen\/braunschweig\/\" data-sctrack=\"BodyAnchor\" target=\"_blank\" rel=\"noopener\">Braunschweig<\/a> laufen.<\/p>\n<p class=\"text-18 leading-17\">Schon bald laden rund um den Dom St. Blasii und den Platz der Deutschen Einheit zahlreiche St\u00e4nde zum St\u00f6bern und Schlemmen ein. Hier gibt es die wichtigsten Infos.<\/p>\n<p class=\"text-18 leading-17\">Er\u00f6ffnet wird der Braunschweiger Weihnachtsmarkt in diesem Jahr am Mittwoch, 26. November. Ab 17.45 Uhr findet die Er\u00f6ffnungszeremonie statt. Um 18 Uhr geht dann traditionell die Weihnachtsbeleuchtung an den St\u00e4nden an. Damit startet der regul\u00e4re Marktbetrieb. Marktschluss ist am Montag, 29. Dezember, um 20 Uhr.<\/p>\n<p class=\"text-18 leading-17\">Montags bis samstags ist der Braunschweiger Weihnachtsmarkt jeweils von 10 bis 21 Uhr ge\u00f6ffnet. Sonntags und feiertags geht es erst eine Stunde sp\u00e4ter \u2013 also um 11 Uhr \u2013 los. Feierabend ist dann ebenfalls um 21 Uhr.<\/p>\n<p class=\"text-18 leading-17\">Der Weihnachtsmarkt bleibt durchgehend ge\u00f6ffnet \u2013 mit zwei Ausnahmen. An Heiligabend und am ersten Weihnachtsfeiertag (24. und 25. Dezember) bleiben die St\u00e4nde in der Innenstadt geschlossen.<\/p>\n<p class=\"text-18 leading-17\">Die genaue Zahl der Weihnachtsmarktst\u00e4nde steht noch nicht fest. Klar ist nur, dass es rund 140 Buden geben wird. Auch, welche St\u00e4nde genau dabei sind, wird noch bekannt gegeben. Traditionell gibt es Buden mit kunstvollen Handwerkswaren, kulinarischen Leckereien sowie Spezialit\u00e4ten aus der Region.<\/p>\n<p class=\"text-18 leading-17\">Erreichbar ist der Weihnachtsmarkt in der Innenstadt am besten zu Fu\u00df, mit dem Fahrrad oder mit den \u00f6ffentlichen Verkehrsmitteln. F\u00fcr \u00d6PNV-Nutzer bieten sich die Haltestellen Rathaus, Schloss und M\u00fcnzstra\u00dfe zum Aussteigen an. F\u00fcr Autofahrer stehen Parkpl\u00e4tze in den umliegenden Parkh\u00e4usern zur Verf\u00fcgung. Die besten Anlaufstellen und Infos zu Sperrungen geben die Veranstalter \u00fcblicherweise in den Wochen vor Beginn des Weihnachtsmarktes bekannt.<\/p>\n<p class=\"text-18 leading-17\">Schon seit Mitte Oktober k\u00f6nnen Interessierte Pl\u00e4tze auf einem der Fl\u00f6\u00dfe im Burggraben buchen. Wo es die Tickets gibt, <a class=\"transition-colors duration-200 cursor-pointer text-inherit no-underline text-salemsfur md:hover:text-magenta md:hover:border-magenta md:focus:text-magenta border-current border-b border-solid break-words\" href=\"https:\/\/www.t-online.de\/region\/braunschweig\/id_100504386\/weihnachtsmarkt-braunschweig-2025-floss-buchen-tickets-zeiten-und-preise.html\" data-sctrack=\"BodyAnchor\" target=\"_blank\" rel=\"noopener\">lesen Sie hier<\/a>. Au\u00dferdem kehrt der beliebte Weihnachtsmarkt-Gutschein nach zweij\u00e4hriger Pause in seiner analogen Form zur\u00fcck. Alles Wichtige dazu <a class=\"transition-colors duration-200 cursor-pointer text-inherit no-underline text-salemsfur md:hover:text-magenta md:hover:border-magenta md:focus:text-magenta border-current border-b border-solid break-words\" href=\"https:\/\/www.t-online.de\/region\/braunschweig\/id_100956968\/braunschweig-weihnachtsmarkt-hat-wieder-gutschein-ab-jetzt-zu-kaufen.html\" data-sctrack=\"BodyAnchor\" target=\"_blank\" rel=\"noopener\">lesen Sie hier<\/a>.<\/p>\n","protected":false},"excerpt":{"rendered":"Er\u00f6ffnung, Ruhetage und Co. Weihnachtsmarkt 2025: Die wichtigsten Infos 16.10.2025 &#8211; 17:41 UhrLesedauer: 2 Min. Der Braunschweiger Weihnachtsmarkt&hellip;\n","protected":false},"author":2,"featured_media":503600,"comment_status":"","ping_status":"","sticky":false,"template":"","format":"standard","meta":{"footnotes":""},"categories":[1850],"tags":[6429,3364,29,912,548,663,3934,30,13,2065,93073,14,15,1411,60377,12,125887,12289,8497,124876,117321],"class_list":{"0":"post-503599","1":"post","2":"type-post","3":"status-publish","4":"format-standard","5":"has-post-thumbnail","7":"category-braunschweig","8":"tag-braunschweig","9":"tag-de","10":"tag-deutschland","11":"tag-eroeffnung","12":"tag-eu","13":"tag-europa","14":"tag-europe","15":"tag-germany","16":"tag-headlines","17":"tag-innenstadt","18":"tag-lichtermeer","19":"tag-nachrichten","20":"tag-news","21":"tag-niedersachsen","22":"tag-ruhetag","23":"tag-schlagzeilen","24":"tag-st-blasii","25":"tag-weihnachten","26":"tag-weihnachtsmarkt","27":"tag-weihnachtsstimmung","28":"tag-winterzeit"},"share_on_mastodon":{"url":"https:\/\/pubeurope.com\/@de\/115384769502972510","error":""},"_links":{"self":[{"href":"https:\/\/www.europesays.com\/de\/wp-json\/wp\/v2\/posts\/503599","targetHints":{"allow":["GET"]}}],"collection":[{"href":"https:\/\/www.europesays.com\/de\/wp-json\/wp\/v2\/posts"}],"about":[{"href":"https:\/\/www.europesays.com\/de\/wp-json\/wp\/v2\/types\/post"}],"author":[{"embeddable":true,"href":"https:\/\/www.europesays.com\/de\/wp-json\/wp\/v2\/users\/2"}],"replies":[{"embeddable":true,"href":"https:\/\/www.europesays.com\/de\/wp-json\/wp\/v2\/comments?post=503599"}],"version-history":[{"count":0,"href":"https:\/\/www.europesays.com\/de\/wp-json\/wp\/v2\/posts\/503599\/revisions"}],"wp:featuredmedia":[{"embeddable":true,"href":"https:\/\/www.europesays.com\/de\/wp-json\/wp\/v2\/media\/503600"}],"wp:attachment":[{"href":"https:\/\/www.europesays.com\/de\/wp-json\/wp\/v2\/media?parent=503599"}],"wp:term":[{"taxonomy":"category","embeddable":true,"href":"https:\/\/www.europesays.com\/de\/wp-json\/wp\/v2\/categories?post=503599"},{"taxonomy":"post_tag","embeddable":true,"href":"https:\/\/www.europesays.com\/de\/wp-json\/wp\/v2\/tags?post=503599"}],"curies":[{"name":"wp","href":"https:\/\/api.w.org\/{rel}","templated":true}]}}