{"id":503601,"date":"2025-10-16T16:23:14","date_gmt":"2025-10-16T16:23:14","guid":{"rendered":"https:\/\/www.europesays.com\/de\/503601\/"},"modified":"2025-10-16T16:23:14","modified_gmt":"2025-10-16T16:23:14","slug":"klare-kante-tut-borussia-moenchengladbach-gut","status":"publish","type":"post","link":"https:\/\/www.europesays.com\/de\/503601\/","title":{"rendered":"Klare Kante tut Borussia M\u00f6nchengladbach gut"},"content":{"rendered":"<p class=\"text_ohne_einzug richtext text-em-55 !leading-serif mx-6 desktop:mx-0\">Es lief nicht wie bei allt\u00e4glichen Pressekonferenzen. Bevor Rouven Schr\u00f6der, neuer \u201eHead of Sports\u201c bei Borussia <a href=\"https:\/\/rp-online.de\/thema\/moenchengladbach\/\" target=\"_blank\" rel=\"noopener\">M\u00f6nchengladbach<\/a>, mit den beiden Gesch\u00e4ftsf\u00fchrern Stefan Stegemann und Markus Aretz das Podium betrat, begr\u00fc\u00dfte er mit Handschlag alle anwesenden Journalisten und Fotografen \u2013 eine kleine, feine Geste, um gleich anzukommen bei seiner Vorstellung im <a href=\"https:\/\/rp-online.de\/thema\/borussia-park\/\" target=\"_blank\" rel=\"noopener\">Borussia-Park<\/a>. Die Hauptarbeit lag da aber noch vor ihm \u2013 doch auch dabei wusste Schr\u00f6der zu \u00fcberzeugen.<\/p>\n","protected":false},"excerpt":{"rendered":"Es lief nicht wie bei allt\u00e4glichen Pressekonferenzen. Bevor Rouven Schr\u00f6der, neuer \u201eHead of Sports\u201c bei Borussia M\u00f6nchengladbach, mit&hellip;\n","protected":false},"author":2,"featured_media":503602,"comment_status":"","ping_status":"","sticky":false,"template":"","format":"standard","meta":{"footnotes":""},"categories":[1849],"tags":[18803,9835,30003,3364,125888,29,548,663,3934,15091,30,13,4455,14,15,1209,122230,12,57453,19153,30366,42482],"class_list":{"0":"post-503601","1":"post","2":"type-post","3":"status-publish","4":"format-standard","5":"has-post-thumbnail","7":"category-moenchengladbach","8":"tag-aretz","9":"tag-borussia","10":"tag-borussias","11":"tag-de","12":"tag-demut","13":"tag-deutschland","14":"tag-eu","15":"tag-europa","16":"tag-europe","17":"tag-fokus","18":"tag-germany","19":"tag-headlines","20":"tag-moenchengladbach","21":"tag-nachrichten","22":"tag-news","23":"tag-nordrhein-westfalen","24":"tag-rouven-schroeder","25":"tag-schlagzeilen","26":"tag-sportchef","27":"tag-sportlichen","28":"tag-stegemann","29":"tag-vorstellung"},"share_on_mastodon":{"url":"https:\/\/pubeurope.com\/@de\/115384772642316658","error":""},"_links":{"self":[{"href":"https:\/\/www.europesays.com\/de\/wp-json\/wp\/v2\/posts\/503601","targetHints":{"allow":["GET"]}}],"collection":[{"href":"https:\/\/www.europesays.com\/de\/wp-json\/wp\/v2\/posts"}],"about":[{"href":"https:\/\/www.europesays.com\/de\/wp-json\/wp\/v2\/types\/post"}],"author":[{"embeddable":true,"href":"https:\/\/www.europesays.com\/de\/wp-json\/wp\/v2\/users\/2"}],"replies":[{"embeddable":true,"href":"https:\/\/www.europesays.com\/de\/wp-json\/wp\/v2\/comments?post=503601"}],"version-history":[{"count":0,"href":"https:\/\/www.europesays.com\/de\/wp-json\/wp\/v2\/posts\/503601\/revisions"}],"wp:featuredmedia":[{"embeddable":true,"href":"https:\/\/www.europesays.com\/de\/wp-json\/wp\/v2\/media\/503602"}],"wp:attachment":[{"href":"https:\/\/www.europesays.com\/de\/wp-json\/wp\/v2\/media?parent=503601"}],"wp:term":[{"taxonomy":"category","embeddable":true,"href":"https:\/\/www.europesays.com\/de\/wp-json\/wp\/v2\/categories?post=503601"},{"taxonomy":"post_tag","embeddable":true,"href":"https:\/\/www.europesays.com\/de\/wp-json\/wp\/v2\/tags?post=503601"}],"curies":[{"name":"wp","href":"https:\/\/api.w.org\/{rel}","templated":true}]}}