{"id":503614,"date":"2025-10-16T16:30:14","date_gmt":"2025-10-16T16:30:14","guid":{"rendered":"https:\/\/www.europesays.com\/de\/503614\/"},"modified":"2025-10-16T16:30:14","modified_gmt":"2025-10-16T16:30:14","slug":"und-leben-de-die-tochter-wird-in-rom-gefirmt-die-mutter-gleich-mit","status":"publish","type":"post","link":"https:\/\/www.europesays.com\/de\/503614\/","title":{"rendered":"und-Leben.de &#8211; Die Tochter wird in Rom gefirmt \u2013 die Mutter gleich mit"},"content":{"rendered":"<p>Normalerweise empf\u00e4ngt man das Sakrament in der eigenen Pfarrei &#8211; es sei denn, es ist Bistumswallfahrt. Eine Chance f\u00fcr Susanne und Marit Hirsch.<\/p>\n<p>Mutter Susanne Hirsch ist als <a href=\"https:\/\/www.kirche-und-leben.de\/themen\/themenbereich\/jugend\" target=\"_blank\" title=\"Mehr \u00fcber Jugend\" rel=\"nofollow noopener\">Jugendliche<\/a> aus unbekannten Gr\u00fcnden vergessen worden. Sp\u00e4ter hat es dann irgendwie nie gepasst. Nicht schlimm, sagt die 50-J\u00e4hrige heute. Die <a href=\"https:\/\/www.kirche-und-leben.de\/themen\/themenbereich\/kreisdekanat-steinfurt\" target=\"_blank\" title=\"Mehr \u00fcber das Kreisdekanat Steinfurt\" rel=\"nofollow noopener\">Grevenerin<\/a> holt ihre <a href=\"https:\/\/www.kirche-und-leben.de\/themen\/themenbereich\/firmung\" target=\"_blank\" title=\"Mehr \u00fcber Firmung\" rel=\"nofollow noopener\">Firmung<\/a> nach \u2013 am 18. Oktober in <a href=\"https:\/\/www.kirche-und-leben.de\/themen\/themenbereich\/vatikan-und-weltkirche\" target=\"_blank\" title=\"Mehr \u00fcber Vatikan und Weltkirche\" rel=\"nofollow noopener\">Rom<\/a> zum Abschluss der einw\u00f6chigen <a href=\"https:\/\/www.kirche-und-leben.de\/themen\/themenbereich\/wallfahrt\" target=\"_blank\" title=\"Mehr \u00fcber Wallfahrten\" rel=\"nofollow noopener\">Bistumswallfahrt<\/a>.<\/p>\n<p>Mit ihr empfangen 600 weitere Firmanden aus dem <a href=\"https:\/\/www.kirche-und-leben.de\/themen\/themenbereich\/tag-bistum-muenster\" target=\"_blank\" title=\"Mehr \u00fcber das Bistum M\u00fcnster\" rel=\"nofollow noopener\">Bistum M\u00fcnster<\/a> das <a href=\"https:\/\/www.kirche-und-leben.de\/themen\/themenbereich\/sakrament\" target=\"_blank\" title=\"Mehr \u00fcber Sakramente\" rel=\"nofollow noopener\">Sakrament<\/a> in der <a href=\"https:\/\/www.kirche-und-leben.de\/themen\/themenbereich\/basilika\" target=\"_blank\" title=\"Mehr \u00fcber Basiliken\" rel=\"nofollow noopener\">Basilika<\/a> St. Paul vor den Mauern. Darunter ihre 15-j\u00e4hrige Tochter Marit. Firmpate von beiden wird Mann und Vater Peter Epping.\u00a0<\/p>\n<p>Als sie von der M\u00f6glichkeit erfuhr, im <a href=\"https:\/\/www.kirche-und-leben.de\/themen\/themenbereich\/heiliges-jahr\" target=\"_blank\" title=\"Mehr \u00fcber das Heilige Jahr\" rel=\"nofollow noopener\">Heiligen Jahr<\/a> mit dem Bistum nach Rom zu fahren, war f\u00fcr Susanne Hirsch klar: \u201eDa m\u00f6chte ich dabei sein.\u201c Tochter Marit musste sich erst mit ihren Freunden besprechen, die alle im Firmalter sind und von der Pfarrei angeschrieben worden waren.\u00a0<\/p>\n<p>Anderer Weg, gleiche Firmung<\/p>\n<p>Durch das Interesse an der Bistumswallfahrt erinnerte sich Susanne Hirsch an ihre fehlende Firmung. Sie \u00fcberlegte und meldete sich im Pfarrb\u00fcro von St. Martinus, um sich \u00fcber eine m\u00f6gliche Erwachsenenfirmung zu informieren.<\/p>\n<p>Nach R\u00fccksprache mit dem Generalvikariat traf sie sich vor der Abreise mehrmals mit dem Grevener <a href=\"https:\/\/www.kirche-und-leben.de\/themen\/themenbereich\/pastoralreferenten\" target=\"_blank\" title=\"Mehr \u00fcber Pastoralreferenten\" rel=\"nofollow noopener\">Pastoralreferenten<\/a> Matthias Brinkschulte zur Firmvorbereitung, nahm sich Zeit f\u00fcrs Reflektieren: \u201eIn meinem Alter gibt es andere Themen als Jugendliche sie haben\u201c, wei\u00df Susanne Hirsch aus dem <a href=\"https:\/\/www.kirche-und-leben.de\/themen\/themenbereich\/familie\" target=\"_blank\" title=\"Mehr \u00fcber Familien\" rel=\"nofollow noopener\">Familienalltag<\/a>. \u201eMan schaut zur\u00fcck auf sein bisheriges Leben: Was habe ich erreicht? Was ist gut gelaufen? Wof\u00fcr bin ich dankbar?\u201c\u00a0<\/p>\n<p>W\u00e4hrend Mutter Susanne in Rom am Programm f\u00fcr Erwachsene teilnimmt, ist Tochter Marit mit ihren Freunden in einer Gruppe von Gleichaltrigen unterwegs. Das war beiden wichtig: \u201eWir lassen uns zusammen firmen, den Weg dahin geht jeder f\u00fcr sich.\u201c<\/p>\n<p>Kirchen und ein Papstgrab<\/p>\n<p>Die 15-J\u00e4hrige ist &#8211; anders als ihre Mutter &#8211; zum ersten Mal in der Ewigen Stadt. Besonders beeindrucken sie der Petersdom und die anderen riesigen <a href=\"https:\/\/www.kirche-und-leben.de\/themen\/themenbereich\/kirche\" target=\"_blank\" title=\"Mehr \u00fcber Kirchen\" rel=\"nofollow noopener\">Kirchen<\/a>.<\/p>\n<p>Neben der Firmung war die <a href=\"https:\/\/www.kirche-und-leben.de\/artikel\/rom-wallfahrt-bistum-muenster-papst-leo-xiv-generalaudienz-petersplatz-petersdom-pilger-eindruecke-gefuehl\" target=\"_blank\" rel=\"nofollow noopener\">Generalaudienz am Mittwochvormittag<\/a> ein Highlight. Susanne Hirsch wollte unbedingt zum Grab von <a href=\"https:\/\/www.kirche-und-leben.de\/themen\/themenbereich\/papst\" target=\"_blank\" title=\"Mehr \u00fcber P\u00e4pste\" rel=\"nofollow noopener\">Papst<\/a> <a href=\"https:\/\/www.kirche-und-leben.de\/themen\/themenbereich\/papst-franziskus\" target=\"_blank\" title=\"Mehr \u00fcber Papst Franziskus\" rel=\"nofollow noopener\">Franziskus<\/a> in die Basilika Santa Maria Maggiore: \u201eDort zu stehen, das war ein sehr bewegender Moment.\u201c<\/p>\n<p>Weil die Firmung ohne Gro\u00dfeltern und Taufpaten in Rom stattfindet, feiern die Hirsch-Eppings in Greven nach: \u201eAm 22. November gibt es in unserer Pfarrkirche einen Gottesdienst f\u00fcr alle, die mit in Rom waren \u2013 danach geht es f\u00fcr die Familie zu uns nach Hause.\u201c \u00a0<\/p>\n","protected":false},"excerpt":{"rendered":"Normalerweise empf\u00e4ngt man das Sakrament in der eigenen Pfarrei &#8211; es sei denn, es ist Bistumswallfahrt. Eine Chance&hellip;\n","protected":false},"author":2,"featured_media":503615,"comment_status":"","ping_status":"","sticky":false,"template":"","format":"standard","meta":{"footnotes":""},"categories":[1843],"tags":[3364,29,30,16393,8970,1209],"class_list":{"0":"post-503614","1":"post","2":"type-post","3":"status-publish","4":"format-standard","5":"has-post-thumbnail","7":"category-muenster","8":"tag-de","9":"tag-deutschland","10":"tag-germany","11":"tag-kirche-und-leben-netz","12":"tag-muenster","13":"tag-nordrhein-westfalen"},"share_on_mastodon":{"url":"https:\/\/pubeurope.com\/@de\/115384800177350561","error":""},"_links":{"self":[{"href":"https:\/\/www.europesays.com\/de\/wp-json\/wp\/v2\/posts\/503614","targetHints":{"allow":["GET"]}}],"collection":[{"href":"https:\/\/www.europesays.com\/de\/wp-json\/wp\/v2\/posts"}],"about":[{"href":"https:\/\/www.europesays.com\/de\/wp-json\/wp\/v2\/types\/post"}],"author":[{"embeddable":true,"href":"https:\/\/www.europesays.com\/de\/wp-json\/wp\/v2\/users\/2"}],"replies":[{"embeddable":true,"href":"https:\/\/www.europesays.com\/de\/wp-json\/wp\/v2\/comments?post=503614"}],"version-history":[{"count":0,"href":"https:\/\/www.europesays.com\/de\/wp-json\/wp\/v2\/posts\/503614\/revisions"}],"wp:featuredmedia":[{"embeddable":true,"href":"https:\/\/www.europesays.com\/de\/wp-json\/wp\/v2\/media\/503615"}],"wp:attachment":[{"href":"https:\/\/www.europesays.com\/de\/wp-json\/wp\/v2\/media?parent=503614"}],"wp:term":[{"taxonomy":"category","embeddable":true,"href":"https:\/\/www.europesays.com\/de\/wp-json\/wp\/v2\/categories?post=503614"},{"taxonomy":"post_tag","embeddable":true,"href":"https:\/\/www.europesays.com\/de\/wp-json\/wp\/v2\/tags?post=503614"}],"curies":[{"name":"wp","href":"https:\/\/api.w.org\/{rel}","templated":true}]}}