{"id":503620,"date":"2025-10-16T16:33:11","date_gmt":"2025-10-16T16:33:11","guid":{"rendered":"https:\/\/www.europesays.com\/de\/503620\/"},"modified":"2025-10-16T16:33:11","modified_gmt":"2025-10-16T16:33:11","slug":"paris-oecd-studie-warnt-einsamkeit-unter-jungen-und-alten-waechst","status":"publish","type":"post","link":"https:\/\/www.europesays.com\/de\/503620\/","title":{"rendered":"Paris | OECD-Studie warnt: Einsamkeit unter Jungen und Alten w\u00e4chst"},"content":{"rendered":"<p>Paris (dpa) &#8211; In den Industriel\u00e4ndern greift eine wachsende Einsamkeit unter jungen Leuten und Senioren um sich, wie eine Studie der Organisation f\u00fcr wirtschaftliche Zusammenarbeit und Entwicklung (OECD) ergeben hat. Unter den 16- bis 24-J\u00e4hrigen sank der Anteil mit t\u00e4glichen Kontakten zu Freunden zwischen 2015 und 2022 von 44 auf 36 Prozent, nachdem es bereits zwischen 2006 und 2015 einen R\u00fcckgang um neun Prozentpunkte gegeben hatte, wie die Industriestaatenorganisation in Paris mitteilte.<\/p>\n<p>Die j\u00fcngste Altersgruppe sei auch die Einzige gewesen, die keinen Anstieg t\u00e4glicher Kontakte zu Freunden \u00fcber Telefon oder soziale Medien zu verzeichnen hatte. Zusammen mit\u00a0den 25- bis 49-J\u00e4hrigen trugen sie auch zum allgemeinen Anstieg des Anteils der Befragten bei, die nie Kontakt zu Freunden aufnehmen, so die OECD.<\/p>\n<p>Junge beklagten verschlechterte soziale Beziehungen<\/p>\n<p>Von dem Gef\u00fchl, dass sich die sozialen Beziehungen verschlechtert h\u00e4tten, seien junge Menschen zwischen 2018 und 2022 die am st\u00e4rksten betroffene Gruppe. Sie verzeichneten Verschlechterungen in fast allen Bereichen der sozialen Beziehungen.<\/p>\n<p>Unter \u00e4lteren Menschen ab 65 Jahren wurde unterdessen unter allen Altersgruppen der st\u00e4rkste Anstieg an sozialer Isolation festgestellt &#8211; dabei geht es um den Anteil der Menschen, der angibt, sich nie mit Freunden zu treffen. Der Anteil stieg zwischen 2015 und 2022 um 5,5 Prozentpunkte auf 11,4 Prozent.<\/p>\n<p>Auswirkungen der Corona-Pandemie<\/p>\n<p>Allerdings gab die OECD zu bedenken, dass bei diesen Zahlen noch die Zur\u00fcckhaltung bei direkten Kontakten w\u00e4hrend der Corona-Pandemie eingeflossen sein d\u00fcrfte. Insbesondere \u00e4ltere Menschen seien w\u00e4hrend der Hochphase der Pandemie vor den Gefahren pers\u00f6nlicher Treffen mit anderen Menschen gewarnt worden.<\/p>\n<p>Insgesamt kam die OECD-Studie zu dem Ergebnis, dass der Anteil der Menschen in den Industriel\u00e4ndern, die sich pers\u00f6nlich mit anderen treffen, in den letzten 15 Jahren stetig zur\u00fcckgegangen ist, w\u00e4hrend der h\u00e4ufige Kontakt mit Freunden und Familie \u00fcber Telefon oder soziale Netzwerke zugenommen hat. Eine wachsende Minderheit bleibe sozial isoliert \u2013 sie treffe sich nie mit Freunden und habe keinen Kontakt zu ihnen. Dieser Trend habe sich in den Jahren nach der Corona-Pandemie noch beschleunigt.<\/p>\n","protected":false},"excerpt":{"rendered":"Paris (dpa) &#8211; In den Industriel\u00e4ndern greift eine wachsende Einsamkeit unter jungen Leuten und Senioren um sich, wie&hellip;\n","protected":false},"author":2,"featured_media":503621,"comment_status":"","ping_status":"","sticky":false,"template":"","format":"standard","meta":{"footnotes":""},"categories":[1841],"tags":[1605,3364,29,30,1724,984,1209,56295,193],"class_list":{"0":"post-503620","1":"post","2":"type-post","3":"status-publish","4":"format-standard","5":"has-post-thumbnail","7":"category-bielefeld","8":"tag-bielefeld","9":"tag-de","10":"tag-deutschland","11":"tag-germany","12":"tag-gesellschaft","13":"tag-international","14":"tag-nordrhein-westfalen","15":"tag-oecd","16":"tag-wissenschaft"},"share_on_mastodon":{"url":"https:\/\/pubeurope.com\/@de\/115384811911331883","error":""},"_links":{"self":[{"href":"https:\/\/www.europesays.com\/de\/wp-json\/wp\/v2\/posts\/503620","targetHints":{"allow":["GET"]}}],"collection":[{"href":"https:\/\/www.europesays.com\/de\/wp-json\/wp\/v2\/posts"}],"about":[{"href":"https:\/\/www.europesays.com\/de\/wp-json\/wp\/v2\/types\/post"}],"author":[{"embeddable":true,"href":"https:\/\/www.europesays.com\/de\/wp-json\/wp\/v2\/users\/2"}],"replies":[{"embeddable":true,"href":"https:\/\/www.europesays.com\/de\/wp-json\/wp\/v2\/comments?post=503620"}],"version-history":[{"count":0,"href":"https:\/\/www.europesays.com\/de\/wp-json\/wp\/v2\/posts\/503620\/revisions"}],"wp:featuredmedia":[{"embeddable":true,"href":"https:\/\/www.europesays.com\/de\/wp-json\/wp\/v2\/media\/503621"}],"wp:attachment":[{"href":"https:\/\/www.europesays.com\/de\/wp-json\/wp\/v2\/media?parent=503620"}],"wp:term":[{"taxonomy":"category","embeddable":true,"href":"https:\/\/www.europesays.com\/de\/wp-json\/wp\/v2\/categories?post=503620"},{"taxonomy":"post_tag","embeddable":true,"href":"https:\/\/www.europesays.com\/de\/wp-json\/wp\/v2\/tags?post=503620"}],"curies":[{"name":"wp","href":"https:\/\/api.w.org\/{rel}","templated":true}]}}