{"id":503622,"date":"2025-10-16T16:34:12","date_gmt":"2025-10-16T16:34:12","guid":{"rendered":"https:\/\/www.europesays.com\/de\/503622\/"},"modified":"2025-10-16T16:34:12","modified_gmt":"2025-10-16T16:34:12","slug":"ordnugsamtleiterin-julia-manegold-ueber-tempodisplays","status":"publish","type":"post","link":"https:\/\/www.europesays.com\/de\/503622\/","title":{"rendered":"Ordnugsamtleiterin Julia Manegold \u00fcber Tempodisplays"},"content":{"rendered":"<p class=\"text_ohne_einzug richtext text-em-55 !leading-serif mx-6 desktop:mx-0\">Manchmal ist es nur ein subjektives Gef\u00fchl, doch h\u00e4ufig auch Realit\u00e4t: Viele Autofahrer sind im Stra\u00dfenverkehr eher zu schnell, als zu langsam unterwegs. Gerade in verkehrsberuhigten Bereichen oder 30er-Zonen hat der ein oder andere Autofahrer es eilig. Beschwerden \u00fcber Rasereien und zu schnelles Fahren erreichen dabei h\u00e4ufig das st\u00e4dtische Ordnungsamt. Doch das ist nicht zust\u00e4ndig f\u00fcr den flie\u00dfenden Verkehr.<\/p>\n","protected":false},"excerpt":{"rendered":"Manchmal ist es nur ein subjektives Gef\u00fchl, doch h\u00e4ufig auch Realit\u00e4t: Viele Autofahrer sind im Stra\u00dfenverkehr eher zu&hellip;\n","protected":false},"author":2,"featured_media":503623,"comment_status":"","ping_status":"","sticky":false,"template":"","format":"standard","meta":{"footnotes":""},"categories":[1840],"tags":[6962,3364,29,30,27166,1209,27167,4418],"class_list":{"0":"post-503622","1":"post","2":"type-post","3":"status-publish","4":"format-standard","5":"has-post-thumbnail","7":"category-wuppertal","8":"tag-anna","9":"tag-de","10":"tag-deutschland","11":"tag-germany","12":"tag-mazzalupi","13":"tag-nordrhein-westfalen","14":"tag-wuelfrath","15":"tag-wuppertal"},"share_on_mastodon":{"url":"https:\/\/pubeurope.com\/@de\/115384815998393186","error":""},"_links":{"self":[{"href":"https:\/\/www.europesays.com\/de\/wp-json\/wp\/v2\/posts\/503622","targetHints":{"allow":["GET"]}}],"collection":[{"href":"https:\/\/www.europesays.com\/de\/wp-json\/wp\/v2\/posts"}],"about":[{"href":"https:\/\/www.europesays.com\/de\/wp-json\/wp\/v2\/types\/post"}],"author":[{"embeddable":true,"href":"https:\/\/www.europesays.com\/de\/wp-json\/wp\/v2\/users\/2"}],"replies":[{"embeddable":true,"href":"https:\/\/www.europesays.com\/de\/wp-json\/wp\/v2\/comments?post=503622"}],"version-history":[{"count":0,"href":"https:\/\/www.europesays.com\/de\/wp-json\/wp\/v2\/posts\/503622\/revisions"}],"wp:featuredmedia":[{"embeddable":true,"href":"https:\/\/www.europesays.com\/de\/wp-json\/wp\/v2\/media\/503623"}],"wp:attachment":[{"href":"https:\/\/www.europesays.com\/de\/wp-json\/wp\/v2\/media?parent=503622"}],"wp:term":[{"taxonomy":"category","embeddable":true,"href":"https:\/\/www.europesays.com\/de\/wp-json\/wp\/v2\/categories?post=503622"},{"taxonomy":"post_tag","embeddable":true,"href":"https:\/\/www.europesays.com\/de\/wp-json\/wp\/v2\/tags?post=503622"}],"curies":[{"name":"wp","href":"https:\/\/api.w.org\/{rel}","templated":true}]}}