{"id":503626,"date":"2025-10-16T16:36:32","date_gmt":"2025-10-16T16:36:32","guid":{"rendered":"https:\/\/www.europesays.com\/de\/503626\/"},"modified":"2025-10-16T16:36:32","modified_gmt":"2025-10-16T16:36:32","slug":"gelsenkirchen-fuehrt-bei-sozialer-mindestsicherung","status":"publish","type":"post","link":"https:\/\/www.europesays.com\/de\/503626\/","title":{"rendered":"Gelsenkirchen f\u00fchrt bei sozialer Mindestsicherung"},"content":{"rendered":"<p class=\"small date article__date\">Ver\u00f6ffentlicht:\u00a0Donnerstag, 16.10.2025 14:50<\/p>\n<p>Gelsenkirchen f\u00fchrt eine neue Statistik des Landes NRW an \u2013 jeder F\u00fcnfte dort ist auf soziale Mindestsicherung angewiesen.<\/p>\n<p><img decoding=\"async\" alt=\"Ein leeres Portemonnaie\" src=\"https:\/\/www.europesays.com\/de\/wp-content\/uploads\/2025\/10\/37164004.jpg&#038;crop=0x168x4288x2679&#038;resize=1280x799&#038;dt=202506241436250.jpeg\" data-size=\"1280x799\"\/>\u00a9 Markus Wei\u00dfenfels \/ WAZ FotoPool<\/p>\n<ul>\n<li><strong>Quoten im Ruhrgebiet besonders hoch<\/strong><\/li>\n<li><strong>Bund plant Reform des B\u00fcrgergeldes<\/strong><\/li>\n<\/ul>\n<p>Auch in Gladbeck sieht es nicht viel besser aus, hier betrifft es mehr als jeden Sechsten. Bottrop liegt mit einer Quote von rund 11 Prozent im landesweiten Durchschnitt.\u00a0Im gesamten Ruhrgebiet sind die Quoten besonders hoch. Landesweit beziehen rund 2 Millionen Menschen in NRW eine der verschiedenen Sozialleistungen, wobei die meisten das B\u00fcrgergeld bekommen. Besonders gestiegen ist die Zahl der Empf\u00e4nger von Grundsicherung im Alter.<\/p>\n<p>Der Bund plant au\u00dferdem eine Reform des B\u00fcrgergeldes. K\u00fcnftig sollen strengere Regeln gelten: Wer wiederholt Termine im Jobcenter vers\u00e4umt, dem k\u00f6nnten die Leistungen ganz gestrichen werden.<\/p>\n","protected":false},"excerpt":{"rendered":"Ver\u00f6ffentlicht:\u00a0Donnerstag, 16.10.2025 14:50 Gelsenkirchen f\u00fchrt eine neue Statistik des Landes NRW an \u2013 jeder F\u00fcnfte dort ist auf&hellip;\n","protected":false},"author":2,"featured_media":503627,"comment_status":"","ping_status":"","sticky":false,"template":"","format":"standard","meta":{"footnotes":""},"categories":[1839],"tags":[125889,7507,3364,29,30,1209],"class_list":{"0":"post-503626","1":"post","2":"type-post","3":"status-publish","4":"format-standard","5":"has-post-thumbnail","7":"category-bochum","8":"tag-landesstatistik","9":"tag-bochum","10":"tag-de","11":"tag-deutschland","12":"tag-germany","13":"tag-nordrhein-westfalen"},"share_on_mastodon":{"url":"https:\/\/pubeurope.com\/@de\/115384824158376869","error":""},"_links":{"self":[{"href":"https:\/\/www.europesays.com\/de\/wp-json\/wp\/v2\/posts\/503626","targetHints":{"allow":["GET"]}}],"collection":[{"href":"https:\/\/www.europesays.com\/de\/wp-json\/wp\/v2\/posts"}],"about":[{"href":"https:\/\/www.europesays.com\/de\/wp-json\/wp\/v2\/types\/post"}],"author":[{"embeddable":true,"href":"https:\/\/www.europesays.com\/de\/wp-json\/wp\/v2\/users\/2"}],"replies":[{"embeddable":true,"href":"https:\/\/www.europesays.com\/de\/wp-json\/wp\/v2\/comments?post=503626"}],"version-history":[{"count":0,"href":"https:\/\/www.europesays.com\/de\/wp-json\/wp\/v2\/posts\/503626\/revisions"}],"wp:featuredmedia":[{"embeddable":true,"href":"https:\/\/www.europesays.com\/de\/wp-json\/wp\/v2\/media\/503627"}],"wp:attachment":[{"href":"https:\/\/www.europesays.com\/de\/wp-json\/wp\/v2\/media?parent=503626"}],"wp:term":[{"taxonomy":"category","embeddable":true,"href":"https:\/\/www.europesays.com\/de\/wp-json\/wp\/v2\/categories?post=503626"},{"taxonomy":"post_tag","embeddable":true,"href":"https:\/\/www.europesays.com\/de\/wp-json\/wp\/v2\/tags?post=503626"}],"curies":[{"name":"wp","href":"https:\/\/api.w.org\/{rel}","templated":true}]}}