{"id":503637,"date":"2025-10-16T16:42:13","date_gmt":"2025-10-16T16:42:13","guid":{"rendered":"https:\/\/www.europesays.com\/de\/503637\/"},"modified":"2025-10-16T16:42:13","modified_gmt":"2025-10-16T16:42:13","slug":"frankreich-das-gefuehl-fuer-den-staat-zu-arbeiten","status":"publish","type":"post","link":"https:\/\/www.europesays.com\/de\/503637\/","title":{"rendered":"Frankreich: Das Gef\u00fchl, f\u00fcr den Staat zu arbeiten"},"content":{"rendered":"<p>FAZ+Unternehmer in Frankreich : <\/p>\n<p>\u201eIch habe das Gef\u00fchl, dass ich viel f\u00fcr den Staat und wenig f\u00fcr mich arbeite\u201c<\/p>\n<p>16.10.2025, 18:20Lesezeit: 5 Min.<\/p>\n<p><img decoding=\"async\" alt=\"Pauschalbetrag f\u00fcr Terrassennutzung: Gastronom in Paris zu sein, macht nicht nur Freude.\" fetchpriority=\"high\" height=\"1999\" loading=\"eager\"  src=\"https:\/\/www.europesays.com\/de\/wp-content\/uploads\/2025\/10\/pauschalbetrag-fuer.jpg\" width=\"3000\" class=\"flex h-auto w-full\" tabindex=\"0\" data-selector=\"header-teaser-image\"\/>Bildbeschreibung ausklappen<\/p>\n<p>Pauschalbetrag f\u00fcr Terrassennutzung: Gastronom in Paris zu sein, macht nicht nur Freude.AFP<\/p>\n<p class=\"xs:p1-intro sm:p1-intro-medium flex items-start gap-[10px] pb-[30px]\" data-external-selector=\"header-teaser\">F\u00fcr den politischen Frieden und zur Haushaltssanierung bittet Frankreich Unternehmen verst\u00e4rkt zur Kasse. Dabei ist der Unmut schon heute gro\u00df.<\/p>\n","protected":false},"excerpt":{"rendered":"FAZ+Unternehmer in Frankreich : \u201eIch habe das Gef\u00fchl, dass ich viel f\u00fcr den Staat und wenig f\u00fcr mich&hellip;\n","protected":false},"author":2,"featured_media":503638,"comment_status":"","ping_status":"","sticky":false,"template":"","format":"standard","meta":{"footnotes":""},"categories":[3974],"tags":[331,332,548,663,3934,3980,156,13,14,15,12],"class_list":{"0":"post-503637","1":"post","2":"type-post","3":"status-publish","4":"format-standard","5":"has-post-thumbnail","7":"category-frankreich","8":"tag-aktuelle-nachrichten","9":"tag-aktuelle-news","10":"tag-eu","11":"tag-europa","12":"tag-europe","13":"tag-france","14":"tag-frankreich","15":"tag-headlines","16":"tag-nachrichten","17":"tag-news","18":"tag-schlagzeilen"},"share_on_mastodon":{"url":"https:\/\/pubeurope.com\/@de\/115384848129736913","error":""},"_links":{"self":[{"href":"https:\/\/www.europesays.com\/de\/wp-json\/wp\/v2\/posts\/503637","targetHints":{"allow":["GET"]}}],"collection":[{"href":"https:\/\/www.europesays.com\/de\/wp-json\/wp\/v2\/posts"}],"about":[{"href":"https:\/\/www.europesays.com\/de\/wp-json\/wp\/v2\/types\/post"}],"author":[{"embeddable":true,"href":"https:\/\/www.europesays.com\/de\/wp-json\/wp\/v2\/users\/2"}],"replies":[{"embeddable":true,"href":"https:\/\/www.europesays.com\/de\/wp-json\/wp\/v2\/comments?post=503637"}],"version-history":[{"count":0,"href":"https:\/\/www.europesays.com\/de\/wp-json\/wp\/v2\/posts\/503637\/revisions"}],"wp:featuredmedia":[{"embeddable":true,"href":"https:\/\/www.europesays.com\/de\/wp-json\/wp\/v2\/media\/503638"}],"wp:attachment":[{"href":"https:\/\/www.europesays.com\/de\/wp-json\/wp\/v2\/media?parent=503637"}],"wp:term":[{"taxonomy":"category","embeddable":true,"href":"https:\/\/www.europesays.com\/de\/wp-json\/wp\/v2\/categories?post=503637"},{"taxonomy":"post_tag","embeddable":true,"href":"https:\/\/www.europesays.com\/de\/wp-json\/wp\/v2\/tags?post=503637"}],"curies":[{"name":"wp","href":"https:\/\/api.w.org\/{rel}","templated":true}]}}