{"id":503641,"date":"2025-10-16T16:44:11","date_gmt":"2025-10-16T16:44:11","guid":{"rendered":"https:\/\/www.europesays.com\/de\/503641\/"},"modified":"2025-10-16T16:44:11","modified_gmt":"2025-10-16T16:44:11","slug":"iwf-herbsttagung-europa-eingeklemmt-und-abgehaengt-rp-online","status":"publish","type":"post","link":"https:\/\/www.europesays.com\/de\/503641\/","title":{"rendered":"IWF-Herbsttagung: Europa eingeklemmt und abgeh\u00e4ngt &#8211; RP Online"},"content":{"rendered":"<ol>\n<li><a href=\"https:\/\/news.google.com\/rss\/articles\/CBMipgFBVV95cUxOLTM0ajBVbmdSLXljTEtIeXd6d3dFbC1tREpteWROc3doRGRySW42R2RxaTBySUY3Z0lEaWFuTTREMnVNUGxJcEZoY0hEQWN6Qnd2QnRtc2ljUFVpamtRelNNOFozMzl3clJOQTgwYW5ic1V6MmlZNjB1b0ZJcUlMOFJ1OS1mYXUxc2ZRQWdLR0ZBcUpQdVF2VUZqUjJoR1BvNzF4bkhR?oc=5\" target=\"_blank\" rel=\"noopener\">IWF-Herbsttagung: Europa eingeklemmt und abgeh\u00e4ngt<\/a>&nbsp;&nbsp;RP Online<\/li>\n<li><a href=\"https:\/\/news.google.com\/rss\/articles\/CBMickFVX3lxTE9xU2ozdy03dk14YVZ1R1N2b2FiSFBNUThvQ3FyY2NBOUtjaVBLYnlRWFgyOHhTRVRoY1NkYnpRb3ZRbXQtaUNVM0tNbjJNQTZfei1iLXFvN2xJUVkyZDkxUUlNR2xoQU9xRU1BVllkWlRnUQ?oc=5\" target=\"_blank\" rel=\"noopener\">Vorschau: phoenix plus \u2022 Europas Wirtschaft im Wandel &#8211; Neue Z\u00f6lle, neue Wege | Programm<\/a>&nbsp;&nbsp;ARD Mediathek<\/li>\n<li><a href=\"https:\/\/news.google.com\/rss\/articles\/CBMipgFBVV95cUxNcXFHUnRKY2huMEJWYl9XZ3hUSHB5bVA1bVV5LVFESmNfODgwNmZYYzRLMWtvajFZNU92dWgyODUxSEJZZzl5em1CaVRTR254a1ZadmdkM2dIaVhqdUd5aG82VE0xV3g5dUNHM0xxNUUxM1J0X0NraWdIYUVFZzJOYndyNVBtd1JXdFZTWTUtdy1Xd3BmcWhrNF9uUmhFeWJPOEQwQTh3?oc=5\" target=\"_blank\" rel=\"noopener\">Europa und seine Wirtschaft: Wege aus der Stagnation | DWN<\/a>&nbsp;&nbsp;Deutsche Wirtschaftsnachrichten<\/li>\n<li><a href=\"https:\/\/news.google.com\/rss\/articles\/CBMiwgFBVV95cUxONk5DS09lZl9GYUZuMjdTaWFXaUM3YVhqRlRPdTYxek9yM0ZaSFVYM1BMZ3VxUkZkUHQ0QWtWdlU5OHNXbTJIR0ZJNDI0a0hPZEdDWmJNeWdOaTBBRkRjTzROLXdzOFI4SS1FbnB4Wm5WUXRxcGoxYVlVT1lrUE4yTWdPdEVOcEFvcDlGVUhkLXAySmpZRmVsb2c1LTExXzRaamhNZlVVMW92amhZWFRQb21PTHpNaUhZR0ZMcUZ5VWFVdw?oc=5\" target=\"_blank\" rel=\"noopener\">Strategische Souver\u00e4nit\u00e4t statt Abh\u00e4ngigkeit: Europas neue Investmentagenda<\/a>&nbsp;&nbsp;e-fundresearch.com<\/li>\n<li><a href=\"https:\/\/news.google.com\/rss\/articles\/CBMickFVX3lxTFBkdVRxZmNEVGlFMGJIcVpVZnNDazZIRXFXQTBUTEhuYXBHWjZnTy16YXdjaWZjVFUxVlhUYlJGbENvdXV1b1ZCOWwyUDFGeDlZbFJQTDFDcWpVQzk1Yk5SSDRMVDhoaUpnbzlsa3JDc1NkQQ?oc=5\" target=\"_blank\" rel=\"noopener\">Konjunktur: Europa sitzt in den Startl\u00f6chern fest<\/a>&nbsp;&nbsp;Makronom<\/li>\n<\/ol>\n","protected":false},"excerpt":{"rendered":"IWF-Herbsttagung: Europa eingeklemmt und abgeh\u00e4ngt&nbsp;&nbsp;RP Online Vorschau: phoenix plus \u2022 Europas Wirtschaft im Wandel &#8211; Neue Z\u00f6lle, neue&hellip;\n","protected":false},"author":2,"featured_media":503339,"comment_status":"","ping_status":"","sticky":false,"template":"","format":"standard","meta":{"footnotes":""},"categories":[3933],"tags":[331,332,3057,227,29,106,548,663,3952,158,3934,3935,13,125842,23377,13543,14,15,12,27624,320],"class_list":{"0":"post-503641","1":"post","2":"type-post","3":"status-publish","4":"format-standard","5":"has-post-thumbnail","7":"category-eu","8":"tag-aktuelle-nachrichten","9":"tag-aktuelle-news","10":"tag-amerika","11":"tag-china","12":"tag-deutschland","13":"tag-donald-trump","14":"tag-eu","15":"tag-europa","16":"tag-europaeer","17":"tag-europaeische-union","18":"tag-europe","19":"tag-european-union","20":"tag-headlines","21":"tag-herbsttagung","22":"tag-internationale","23":"tag-iwf","24":"tag-nachrichten","25":"tag-news","26":"tag-schlagzeilen","27":"tag-waehrungsfonds","28":"tag-washington"},"share_on_mastodon":{"url":"https:\/\/pubeurope.com\/@de\/115384855583620034","error":""},"_links":{"self":[{"href":"https:\/\/www.europesays.com\/de\/wp-json\/wp\/v2\/posts\/503641","targetHints":{"allow":["GET"]}}],"collection":[{"href":"https:\/\/www.europesays.com\/de\/wp-json\/wp\/v2\/posts"}],"about":[{"href":"https:\/\/www.europesays.com\/de\/wp-json\/wp\/v2\/types\/post"}],"author":[{"embeddable":true,"href":"https:\/\/www.europesays.com\/de\/wp-json\/wp\/v2\/users\/2"}],"replies":[{"embeddable":true,"href":"https:\/\/www.europesays.com\/de\/wp-json\/wp\/v2\/comments?post=503641"}],"version-history":[{"count":0,"href":"https:\/\/www.europesays.com\/de\/wp-json\/wp\/v2\/posts\/503641\/revisions"}],"wp:featuredmedia":[{"embeddable":true,"href":"https:\/\/www.europesays.com\/de\/wp-json\/wp\/v2\/media\/503339"}],"wp:attachment":[{"href":"https:\/\/www.europesays.com\/de\/wp-json\/wp\/v2\/media?parent=503641"}],"wp:term":[{"taxonomy":"category","embeddable":true,"href":"https:\/\/www.europesays.com\/de\/wp-json\/wp\/v2\/categories?post=503641"},{"taxonomy":"post_tag","embeddable":true,"href":"https:\/\/www.europesays.com\/de\/wp-json\/wp\/v2\/tags?post=503641"}],"curies":[{"name":"wp","href":"https:\/\/api.w.org\/{rel}","templated":true}]}}