{"id":503644,"date":"2025-10-16T16:46:13","date_gmt":"2025-10-16T16:46:13","guid":{"rendered":"https:\/\/www.europesays.com\/de\/503644\/"},"modified":"2025-10-16T16:46:13","modified_gmt":"2025-10-16T16:46:13","slug":"landtagswahl-2026-cdu-liegt-in-umfrage-in-baden-wuerttemberg-vorn","status":"publish","type":"post","link":"https:\/\/www.europesays.com\/de\/503644\/","title":{"rendered":"Landtagswahl 2026 : CDU liegt in Umfrage in Baden-W\u00fcrttemberg vorn"},"content":{"rendered":"<p class=\"paragraph article__item\">Die <a href=\"https:\/\/www.zeit.de\/kultur\/2025-10\/friedrich-merz-stadtbild-migration-rassismus\" class=\"\" target=\"_blank\" rel=\"nofollow noopener\">CDU<\/a> in Baden-W\u00fcrttemberg liegt f\u00fcnf Monate vor der Landtagswahl acht Prozentpunkte vor der AfD. Das ergab eine repr\u00e4sentative Umfrage des Meinungsforschungsinstituts Infratest dimap im Auftrag des SWR und der\u00a0Stuttgarter Zeitung.\u00a0Wenn an diesem Sonntag Landtagswahl w\u00e4re, w\u00fcrde die <a class=\"rtr-entity\" href=\"https:\/\/www.zeit.de\/thema\/cdu\" rel=\"nofollow noopener\" target=\"_blank\">CDU<\/a> demnach 29 Prozent der Stimmen erhalten \u2013 das ist ein Minus von zwei Prozentpunkten im Vergleich zur Erhebung im Mai dieses Jahres.\u00a0Die in Baden-W\u00fcrttemberg als rechtsextremistischer Verdachtsfall eingestufte AfD liegt auf Platz zwei mit 21 Prozent. Einen Prozentpunkt weniger erhalten <a href=\"https:\/\/www.zeit.de\/politik\/deutschland\/2025-10\/bundestag-debatte-regierungserklaerung-wehrpflicht-koalition-kritik-katharina-droege-gxe\" class=\"\" target=\"_blank\" rel=\"nofollow noopener\">die Gr\u00fcnen <\/a>(20 Prozent).\n<\/p>\n<p>                Linke liegen vor Liberalen        <\/p>\n<p class=\"paragraph article__item\">Die\u00a0<a href=\"https:\/\/www.zeit.de\/2025\/44\/baebel-bas-spd-duisburg-arbeitsministerin\" class=\"\" target=\"_blank\" rel=\"nofollow noopener\">SPD<\/a>\u00a0folgt mit\u00a0zehn Prozent auf dem vierten Rang. Die Linke w\u00fcrde laut der Umfrage erstmals ins Landesparlament einziehen. Mit sieben Prozent schiebt sie sich vor die <a class=\"rtr-entity\" href=\"https:\/\/www.zeit.de\/thema\/fdp\" rel=\"nofollow noopener\" target=\"_blank\">FDP<\/a>, die es mit f\u00fcnf Prozent noch immer ins Parlament schaffen k\u00f6nnte.\n<\/p>\n<p class=\"paragraph article__item\">Aus der <a class=\"rtr-entity\" href=\"https:\/\/www.zeit.de\/thema\/landtagswahl\" rel=\"nofollow noopener\" target=\"_blank\">Landtagswahl<\/a> im Jahr 2021 waren die Gr\u00fcnen mit 32,6 Prozent als st\u00e4rkste Partei hervorgegangen. Die CDU landete mit 24,1 Prozent auf dem zweiten Rang. Die SPD erhielt elf Prozent der Stimmen, dicht gefolgt von der FDP mit 10,5 Prozent. F\u00fcr die AfD stimmten 9,7 Prozent der Wahlberechtigten.\n<\/p>\n<p>                Ein neuer Ministerpr\u00e4sident ist sicher        <\/p>\n<p class=\"paragraph article__item\">Der amtierende Ministerpr\u00e4sident von den Gr\u00fcnen, Winfried Kretschmann, tritt nach drei Amtszeiten nicht mehr an. Derzeit regiert er zusammen mit der CDU in einer Koalition. Gr\u00fcner Spitzenkandidat ist stattdessen <a href=\"https:\/\/www.zeit.de\/politik\/deutschland\/2025-05\/cem-oezdemir-zum-gruenenspitzenkandidaten-in-baden-wuerttemberg-gewaehlt\" class=\"\" target=\"_blank\" rel=\"nofollow noopener\">der fr\u00fchere Bundeslandwirtschaftsminister Cem \u00d6zdemir<\/a>. F\u00fcr die CDU tritt <a href=\"https:\/\/www.zeit.de\/politik\/deutschland\/2025-05\/manuel-hagel-cdu-spitzenkandidat-landtagswahl\" class=\"\" target=\"_blank\" rel=\"nofollow noopener\">Manuel Hagel<\/a> an. Die Wahl findet am 8. M\u00e4rz 2026 statt.\n<\/p>\n<p class=\"paragraph article__item\">F\u00fcr die Umfrage wurden 1.158 Wahlberechtigte zwischen dem 8. und 14. Oktober befragt.\n<\/p>\n<p>            Baden-W\u00fcrttemberg        <\/p>\n<p>Mehr zum Thema<\/p>\n<p>                <a href=\"https:\/\/www.zeit.de\/2025\/23\/cem-oezdemir-spitzenkandidat-landtagswahl-gruene-baden-wuerttemberg\" data-ct-label=\"Cem \u00d6zdemir: \u00d6 is in the L\u00e4nd\" rel=\"nofollow noopener\" target=\"_blank\"><\/p>\n<p>        Z+ (abopflichtiger Inhalt);<\/p>\n<p>    Cem \u00d6zdemir:<br \/>\n                        \u00d6 is in the L\u00e4nd<\/p>\n<p>                <\/a><\/p>\n<p>                <a href=\"https:\/\/www.zeit.de\/gesellschaft\/2024-07\/ameisenplage-baden-wuerttemberg-internet-stoerung-stromausfall-kehl\" data-ct-label=\"Ameisenplage in Baden-W\u00fcrttemberg: Der Feind, der aus dem Blumentopf kam\" rel=\"nofollow noopener\" target=\"_blank\"><\/p>\n<p>        Z+ (abopflichtiger Inhalt);<\/p>\n<p>    Ameisenplage in Baden-W\u00fcrttemberg:<br \/>\n                        Der Feind, der aus dem Blumentopf kam<\/p>\n<p>                <\/a><\/p>\n<p>                <a href=\"https:\/\/www.zeit.de\/familie\/2025-07\/lehrermangel-baden-wuerttemberg-panne-schule-bildung\" data-ct-label=\"Lehrermangel: Kein Lehrer da \u2013 und keiner merkt&#039;s?!\" rel=\"nofollow noopener\" target=\"_blank\"><\/p>\n<p>        Z+ (abopflichtiger Inhalt);<\/p>\n<p>    Lehrermangel:<br \/>\n                        Kein Lehrer da \u2013 und keiner merkt&#8217;s?!<\/p>\n<p>                <\/a><\/p>\n","protected":false},"excerpt":{"rendered":"Die CDU in Baden-W\u00fcrttemberg liegt f\u00fcnf Monate vor der Landtagswahl acht Prozentpunkte vor der AfD. Das ergab eine&hellip;\n","protected":false},"author":2,"featured_media":503645,"comment_status":"","ping_status":"","sticky":false,"template":"","format":"standard","meta":{"footnotes":""},"categories":[5],"tags":[331,332,150,1634,21,31,3364,29,536,187,30,13,19399,47137,14,15,16,12,184],"class_list":{"0":"post-503644","1":"post","2":"type-post","3":"status-publish","4":"format-standard","5":"has-post-thumbnail","7":"category-nachrichten","8":"tag-aktuelle-nachrichten","9":"tag-aktuelle-news","10":"tag-alternative-fuer-deutschland","11":"tag-baden-wuerttemberg","12":"tag-buendnis-90-die-gruenen","13":"tag-cdu","14":"tag-de","15":"tag-deutschland","16":"tag-die-linke","17":"tag-fdp","18":"tag-germany","19":"tag-headlines","20":"tag-landtagswahl","21":"tag-landtagswahl-2026","22":"tag-nachrichten","23":"tag-news","24":"tag-politik","25":"tag-schlagzeilen","26":"tag-spd"},"share_on_mastodon":{"url":"https:\/\/pubeurope.com\/@de\/115384863321554282","error":""},"_links":{"self":[{"href":"https:\/\/www.europesays.com\/de\/wp-json\/wp\/v2\/posts\/503644","targetHints":{"allow":["GET"]}}],"collection":[{"href":"https:\/\/www.europesays.com\/de\/wp-json\/wp\/v2\/posts"}],"about":[{"href":"https:\/\/www.europesays.com\/de\/wp-json\/wp\/v2\/types\/post"}],"author":[{"embeddable":true,"href":"https:\/\/www.europesays.com\/de\/wp-json\/wp\/v2\/users\/2"}],"replies":[{"embeddable":true,"href":"https:\/\/www.europesays.com\/de\/wp-json\/wp\/v2\/comments?post=503644"}],"version-history":[{"count":0,"href":"https:\/\/www.europesays.com\/de\/wp-json\/wp\/v2\/posts\/503644\/revisions"}],"wp:featuredmedia":[{"embeddable":true,"href":"https:\/\/www.europesays.com\/de\/wp-json\/wp\/v2\/media\/503645"}],"wp:attachment":[{"href":"https:\/\/www.europesays.com\/de\/wp-json\/wp\/v2\/media?parent=503644"}],"wp:term":[{"taxonomy":"category","embeddable":true,"href":"https:\/\/www.europesays.com\/de\/wp-json\/wp\/v2\/categories?post=503644"},{"taxonomy":"post_tag","embeddable":true,"href":"https:\/\/www.europesays.com\/de\/wp-json\/wp\/v2\/tags?post=503644"}],"curies":[{"name":"wp","href":"https:\/\/api.w.org\/{rel}","templated":true}]}}