{"id":503659,"date":"2025-10-16T16:55:18","date_gmt":"2025-10-16T16:55:18","guid":{"rendered":"https:\/\/www.europesays.com\/de\/503659\/"},"modified":"2025-10-16T16:55:18","modified_gmt":"2025-10-16T16:55:18","slug":"hannover-will-weiter-verletzte-kinder-aufnehmen","status":"publish","type":"post","link":"https:\/\/www.europesays.com\/de\/503659\/","title":{"rendered":"Hannover will weiter verletzte Kinder aufnehmen"},"content":{"rendered":"<p>Nach Waffenruhe-Abkommen <\/p>\n<p>Hannover will weiter verletzte Kinder aus Gaza aufnehmen<\/p>\n<p>16.10.2025 &#8211; 18:03 UhrLesedauer: 1 Min.<\/p>\n<p><a href=\"#focus-0\" class=\"transition-colors duration-200 block text-current relative\" data-sctrack=\"FocusGalleryImage.Reference\"><img fetchpriority=\"high\" data-testid=\"Opener.Image\" style=\"--lqipURL:url('https:\/\/images.t-online.de\/2025\/10\/rlSpCB9mAvmj\/0x107:2048x1152\/fit-in\/150x0\/filters:blur(25)\/hannover-will-helfen-oberbuergermeister-onay-bekraeftigt-das-angebot-verletzte-kinder-aus-gaza-und-israel-aufzunehmen-archivbild.jpg')\"   loading=\"eager\" src=\"https:\/\/www.europesays.com\/de\/wp-content\/uploads\/2025\/10\/hannover-will-helfen-oberbuergermeister-onay-bekraeftigt-das-angebot-verletzte-kinder-aus-gaza-und-i.jpeg\" alt=\"Nahostkonflikt - Initiative zur Aufnahme hilfsbed\u00fcrftiger Kinder\" title=\"Nahostkonflikt - Initiative zur Aufnahme hilfsbed\u00fcrftiger Kinder\" width=\"2048\" height=\"1152\" class=\"bg-[url:var(--lqipURL)] bg-cover bg-center flex h-full w-full max-w-full\" decoding=\"async\"\/><img style=\"--width:32;--height:32\" loading=\"lazy\" src=\"https:\/\/www.t-online.de\/s\/paper\/_next\/static\/media\/zoom-in.f7dae02f.svg\" alt=\"Vergr\u00f6\u00dfern des Bildes\" title=\"Vergr\u00f6\u00dfern des Bildes\" class=\"block h-[calc(var(--height)_\/_16_*_1rem)] w-[calc(var(--width)_\/_16_*_1rem)] max-w-none absolute bottom-8 right-8 rounded-4 bg-snow p-8\" decoding=\"async\"\/><\/a><\/p>\n<p>Belit Onay (Archivbild): Der Oberb\u00fcrgermeister von Hannover bekr\u00e4ftigt das Angebot, verletzte Kinder aus Gaza und Israel aufzunehmen. (Quelle: Michael Matthey\/dpa\/dpa-bilder)<\/p>\n<p class=\"font-bold text-18 leading-17\">Die Stadt Hannover bekr\u00e4ftigt ihr Angebot zur Aufnahme kranker Kinder aus dem Krisengebiet. Mehrere deutsche Gro\u00dfst\u00e4dte haben sich der Initiative angeschlossen.<\/p>\n<p class=\"text-18 leading-17\">Die Stadt <a class=\"transition-colors duration-200 cursor-pointer text-inherit no-underline text-salemsfur md:hover:text-magenta md:hover:border-magenta md:focus:text-magenta border-current border-b border-solid break-words\" href=\"https:\/\/www.t-online.de\/region\/hannover\/\" data-sctrack=\"BodyAnchor\" rel=\"nofollow noopener\" target=\"_blank\">Hannover<\/a> hat ihr Hilfsangebot zur Aufnahme von bis zu 20 kranken und verletzten Kindern aus dem <a class=\"transition-colors duration-200 cursor-pointer text-inherit no-underline text-salemsfur md:hover:text-magenta md:hover:border-magenta md:focus:text-magenta border-current border-b border-solid break-words\" href=\"https:\/\/www.t-online.de\/themen\/gazastreifen\/\" data-sctrack=\"BodyAnchor\" rel=\"nofollow noopener\" target=\"_blank\">Gazastreifen<\/a> und <a class=\"transition-colors duration-200 cursor-pointer text-inherit no-underline text-salemsfur md:hover:text-magenta md:hover:border-magenta md:focus:text-magenta border-current border-b border-solid break-words\" href=\"https:\/\/www.t-online.de\/themen\/israel\/\" data-sctrack=\"BodyAnchor\" rel=\"nofollow noopener\" target=\"_blank\">Israel<\/a> bekr\u00e4ftigt. Oberb\u00fcrgermeister Belit Onay (Gr\u00fcne) best\u00e4tigte das Vorhaben, das die Stadt bereits Ende Juli gemeinsam mit anderen deutschen Gro\u00dfst\u00e4dten der <a class=\"transition-colors duration-200 cursor-pointer text-inherit no-underline text-salemsfur md:hover:text-magenta md:hover:border-magenta md:focus:text-magenta border-current border-b border-solid break-words\" href=\"https:\/\/www.t-online.de\/themen\/bundesregierung\/\" data-sctrack=\"BodyAnchor\" rel=\"nofollow noopener\" target=\"_blank\">Bundesregierung<\/a> unterbreitet hatte.<\/p>\n<p class=\"text-18 leading-17\">Onay betonte, dass die Stadt weiterhin zur Initiative stehe. Diese wird vom Landesverband der J\u00fcdischen Gemeinden in Niedersachsen, der Pal\u00e4stinensischen Gemeinde Hannover und dem Antisemitismusbeauftragten des Landes mitgetragen. Trotz Waffenruhe und Geiselfreilassung sei das Leid der Bev\u00f6lkerung, besonders der Kinder, nach wie vor gro\u00df.<\/p>\n<p class=\"text-18 leading-17\">Neben Hannover haben sich <a class=\"transition-colors duration-200 cursor-pointer text-inherit no-underline text-salemsfur md:hover:text-magenta md:hover:border-magenta md:focus:text-magenta border-current border-b border-solid break-words\" href=\"https:\/\/www.t-online.de\/region\/bremen\/\" data-sctrack=\"BodyAnchor\" rel=\"nofollow noopener\" target=\"_blank\">Bremen<\/a>, <a class=\"transition-colors duration-200 cursor-pointer text-inherit no-underline text-salemsfur md:hover:text-magenta md:hover:border-magenta md:focus:text-magenta border-current border-b border-solid break-words\" href=\"https:\/\/www.t-online.de\/region\/duesseldorf\/\" data-sctrack=\"BodyAnchor\" rel=\"nofollow noopener\" target=\"_blank\">D\u00fcsseldorf<\/a>, <a class=\"transition-colors duration-200 cursor-pointer text-inherit no-underline text-salemsfur md:hover:text-magenta md:hover:border-magenta md:focus:text-magenta border-current border-b border-solid break-words\" href=\"https:\/\/www.t-online.de\/region\/leipzig\/\" data-sctrack=\"BodyAnchor\" rel=\"nofollow noopener\" target=\"_blank\">Leipzig<\/a>, Bonn, <a rel=\"nofollow noopener\" target=\"_blank\" class=\"transition-colors duration-200 cursor-pointer text-inherit no-underline text-salemsfur md:hover:text-magenta md:hover:border-magenta md:focus:text-magenta border-current border-b border-solid break-words\" href=\"https:\/\/frankfurt.t-online.de\/region\/frankfurt-am-main\/\" data-sctrack=\"BodyAnchor\">Frankfurt<\/a> und Kiel dem Hilfsangebot angeschlossen. Eine Antwort der Bundesregierung steht bislang aus. Oberb\u00fcrgermeister Onay betont: &#8222;In Hannover sind wir darauf vorbereitet, im Falle eines positiven Signals der Bundesregierung sofort agieren zu k\u00f6nnen.&#8220;<\/p>\n<p class=\"text-18 leading-17\">Auch die evangelischen Kirchen Niedersachsens unterst\u00fctzen das Vorhaben. In einem Brief an die Bundesregierung erkl\u00e4ren sie: &#8222;Wir werden im Rahmen unserer M\u00f6glichkeiten die Behandlung von Kindern aus Gaza und Israel in Hannover und wenn m\u00f6glich an anderen Orten in Niedersachsen aktiv mitunterst\u00fctzen.&#8220;<\/p>\n","protected":false},"excerpt":{"rendered":"Nach Waffenruhe-Abkommen Hannover will weiter verletzte Kinder aus Gaza aufnehmen 16.10.2025 &#8211; 18:03 UhrLesedauer: 1 Min. Belit Onay&hellip;\n","protected":false},"author":2,"featured_media":503660,"comment_status":"","ping_status":"","sticky":false,"template":"","format":"standard","meta":{"footnotes":""},"categories":[1836],"tags":[722,17161,12171,1173,3364,29,739,738,30,46,125896,1411],"class_list":{"0":"post-503659","1":"post","2":"type-post","3":"status-publish","4":"format-standard","5":"has-post-thumbnail","7":"category-hannover","8":"tag-722","9":"tag-17161","10":"tag-belit-onay","11":"tag-bundesregierung","12":"tag-de","13":"tag-deutschland","14":"tag-gaza","15":"tag-gazastreifen","16":"tag-germany","17":"tag-hannover","18":"tag-krisengebiet","19":"tag-niedersachsen"},"share_on_mastodon":{"url":"https:\/\/pubeurope.com\/@de\/115384899012567048","error":""},"_links":{"self":[{"href":"https:\/\/www.europesays.com\/de\/wp-json\/wp\/v2\/posts\/503659","targetHints":{"allow":["GET"]}}],"collection":[{"href":"https:\/\/www.europesays.com\/de\/wp-json\/wp\/v2\/posts"}],"about":[{"href":"https:\/\/www.europesays.com\/de\/wp-json\/wp\/v2\/types\/post"}],"author":[{"embeddable":true,"href":"https:\/\/www.europesays.com\/de\/wp-json\/wp\/v2\/users\/2"}],"replies":[{"embeddable":true,"href":"https:\/\/www.europesays.com\/de\/wp-json\/wp\/v2\/comments?post=503659"}],"version-history":[{"count":0,"href":"https:\/\/www.europesays.com\/de\/wp-json\/wp\/v2\/posts\/503659\/revisions"}],"wp:featuredmedia":[{"embeddable":true,"href":"https:\/\/www.europesays.com\/de\/wp-json\/wp\/v2\/media\/503660"}],"wp:attachment":[{"href":"https:\/\/www.europesays.com\/de\/wp-json\/wp\/v2\/media?parent=503659"}],"wp:term":[{"taxonomy":"category","embeddable":true,"href":"https:\/\/www.europesays.com\/de\/wp-json\/wp\/v2\/categories?post=503659"},{"taxonomy":"post_tag","embeddable":true,"href":"https:\/\/www.europesays.com\/de\/wp-json\/wp\/v2\/tags?post=503659"}],"curies":[{"name":"wp","href":"https:\/\/api.w.org\/{rel}","templated":true}]}}