{"id":503667,"date":"2025-10-16T16:59:14","date_gmt":"2025-10-16T16:59:14","guid":{"rendered":"https:\/\/www.europesays.com\/de\/503667\/"},"modified":"2025-10-16T16:59:14","modified_gmt":"2025-10-16T16:59:14","slug":"deutschlandweite-studie-bildungstrend-bremen-schlusslicht-niedersachsen-schwaechelt","status":"publish","type":"post","link":"https:\/\/www.europesays.com\/de\/503667\/","title":{"rendered":"Deutschlandweite Studie: Bildungstrend: Bremen Schlusslicht, Niedersachsen schw\u00e4chelt"},"content":{"rendered":"<p class=\"paragraph article__item\">Mathe, Bio, Physik, Chemie: In all diesen F\u00e4chern schneiden Bremens Neuntkl\u00e4sslerinnen und Neuntkl\u00e4ssler im IQB-Bildungstrend 2024 am schlechtesten ab. Kein anderes Bundesland lag so deutlich unter dem Durchschnitt. Auch <a class=\"rtr-entity\" href=\"https:\/\/www.zeit.de\/thema\/niedersachsen\" target=\"_blank\" rel=\"noopener\">Niedersachsen<\/a> blieb in den F\u00e4chern unter dem Bundesschnitt. Das geht aus einer Studie des Instituts zur Qualit\u00e4tsentwicklung im Bildungswesen (IQB) hervor, die am Rande der Bildungsministerkonferenz in Berlin ver\u00f6ffentlicht wurde.\n<\/p>\n<p>Aktuelles<\/p>\n<p>                <a href=\"https:\/\/www.zeit.de\/gesellschaft\/schule\/2025-10\/iqb-bildungstrend-msa-schule-neuntklaessler\" data-ct-label=\"IQB-Bildungstrend: Mehr als ein Drittel der Neuntkl\u00e4ssler verfehlt Mathe-Mindeststandards\" target=\"_blank\" rel=\"noopener\"><\/p>\n<p>                        IQB-Bildungstrend:<br \/>\n                        Mehr als ein Drittel der Neuntkl\u00e4ssler verfehlt Mathe-Mindeststandards<\/p>\n<p>                <\/a><\/p>\n<p>                <a href=\"https:\/\/www.zeit.de\/familie\/2025-10\/iqb-bildungstrend-2025-mathe-schule\" data-ct-label=\"IQB-Bildungstrend: Gesamtnote mangelhaft: Neuntkl\u00e4sser so schlecht wie nie\" target=\"_blank\" rel=\"noopener\"><\/p>\n<p>                        IQB-Bildungstrend:<br \/>\n                        Gesamtnote mangelhaft: Neuntkl\u00e4sser so schlecht wie nie<\/p>\n<p>                <\/a><\/p>\n<p>                <a href=\"https:\/\/www.zeit.de\/2025\/44\/schulabbrecher-deutschland-bildung-fachkraeftemangel-gxe\" data-ct-label=\"Schulabbrecher: Zwei Abbrecher pro Klasse\" target=\"_blank\" rel=\"noopener\"><\/p>\n<p>        Z+ (abopflichtiger Inhalt);<\/p>\n<p>    Schulabbrecher:<br \/>\n                        Zwei Abbrecher pro Klasse<\/p>\n<p>                <\/a><\/p>\n<p class=\"paragraph article__item\">Im Fach Mathematik erreichten die Bremer Sch\u00fclerinnen und Sch\u00fcler beim getesteten Fachwissen im Schnitt 436 Punkte, bundesweit waren es 474. Auch in Biologie (443 Punkte), Chemie (438) und Physik (439) lag <a class=\"rtr-entity\" href=\"https:\/\/www.zeit.de\/thema\/bremen\" target=\"_blank\" rel=\"noopener\">Bremen<\/a> klar zur\u00fcck. In Niedersachsen kamen die Jugendlichen auf 461 Punkte in Mathematik sowie 466, 464 und 465 Punkte in den Naturwissenschaften \u2013 ebenfalls unter dem bundesweiten Durchschnitt.\u00a0\n<\/p>\n<p class=\"paragraph article__item\">Die Ergebnisse fielen \u00abwenig erfreulich aus\u00bb, hie\u00df es vom IQB. Bundesweit sei das Niveau der Sch\u00fclerleistungen in allen getesteten F\u00e4chern gesunken.\n<\/p>\n<p>        Unterschiede in der Sch\u00fclerschaft        <\/p>\n<p class=\"paragraph article__item\">Das IQB weist darauf hin, dass Unterschiede in der Zusammensetzung der Sch\u00fclerschaft bei der Interpretation der Ergebnisse eine Rolle spielen k\u00f6nnen. In Bremen hatte 2024 mehr als die H\u00e4lfte der Neuntkl\u00e4sslerinnen und Neuntkl\u00e4ssler einen Zuwanderungshintergrund \u2013 fast zw\u00f6lf Prozentpunkte mehr als beim vorherigen Bildungstrend 2018. In Niedersachsen lag der Anteil bei 36,8 Prozent, ein Plus von rund 3,6 Prozentpunkten.\n<\/p>\n<p class=\"paragraph article__item\">Nach Angaben des IQB lassen sich die Leistungseinbu\u00dfen jedoch nicht auf eine einzelne Ursache zur\u00fcckf\u00fchren. Sorgen \u00fcber Kriege, wirtschaftliche Unsicherheit und Klimawandel k\u00f6nnten die Entwicklung der Jugendlichen ebenso beeinflusst haben wie die zunehmende Nutzung sozialer Medien, die sich negativ auf die psychische Gesundheit auswirken k\u00f6nne.\n<\/p>\n<p>        Corona-Effekt h\u00e4lt an        <\/p>\n<p class=\"paragraph article__item\">Zudem k\u00f6nnte Corona eine Rolle gespielt haben: Viele der getesteten Jugendlichen waren zu Beginn der Pandemie erst in der f\u00fcnften Klasse. \u00abDass sie aus diesem f\u00fcr sie noch recht neuen Alltag herausgerissen wurden, d\u00fcrfte f\u00fcr viele ein gro\u00dfer Einschnitt gewesen sein\u00bb, hei\u00dft es in der Studie. Dieser Einschnitt k\u00f6nnte noch Jahre sp\u00e4ter nachwirken.\n<\/p>\n<p class=\"paragraph article__item\">F\u00fcr die Untersuchung testete das IQB in Bremen 2.234 Neuntkl\u00e4sslerinnen und Neuntkl\u00e4ssler aus 60 Schulen, in Niedersachsen waren es 2.563 Sch\u00fclerinnen und Sch\u00fcler aus 84 Schulen.\n<\/p>\n<p>        Reaktion aus Niedersachsen        <\/p>\n<p class=\"paragraph article__item\">Das Kultusministerium in Hannover sprach von erwartbaren, aber deshalb nicht weniger schwierigen Ergebnissen. \u00abSie zeigen, dass hier insgesamt Handlungsbedarf besteht.\u00bb Man wolle die Studie nutzen, um gezielt nachzusteuern. Erste Ma\u00dfnahmen zur St\u00e4rkung grundlegender Kompetenzen liefen bereits, ihre Wirkung k\u00f6nne aber erst mittelfristig sichtbar werden.\n<\/p>\n<p class=\"paragraph article__item\">\u00a9 dpa-infocom, dpa:251016-930-171086\/2<\/p>\n","protected":false},"excerpt":{"rendered":"Mathe, Bio, Physik, Chemie: In all diesen F\u00e4chern schneiden Bremens Neuntkl\u00e4sslerinnen und Neuntkl\u00e4ssler im IQB-Bildungstrend 2024 am schlechtesten&hellip;\n","protected":false},"author":2,"featured_media":503668,"comment_status":"","ping_status":"","sticky":false,"template":"","format":"standard","meta":{"footnotes":""},"categories":[1824],"tags":[296,125898,2420,3364,29,125897,60226,30,15,1411],"class_list":{"0":"post-503667","1":"post","2":"type-post","3":"status-publish","4":"format-standard","5":"has-post-thumbnail","7":"category-bremen","8":"tag-berlin","9":"tag-bildungstrend","10":"tag-bremen","11":"tag-de","12":"tag-deutschland","13":"tag-deutschlandweite-studie","14":"tag-faecher","15":"tag-germany","16":"tag-news","17":"tag-niedersachsen"},"share_on_mastodon":{"url":"https:\/\/pubeurope.com\/@de\/115384914343401142","error":""},"_links":{"self":[{"href":"https:\/\/www.europesays.com\/de\/wp-json\/wp\/v2\/posts\/503667","targetHints":{"allow":["GET"]}}],"collection":[{"href":"https:\/\/www.europesays.com\/de\/wp-json\/wp\/v2\/posts"}],"about":[{"href":"https:\/\/www.europesays.com\/de\/wp-json\/wp\/v2\/types\/post"}],"author":[{"embeddable":true,"href":"https:\/\/www.europesays.com\/de\/wp-json\/wp\/v2\/users\/2"}],"replies":[{"embeddable":true,"href":"https:\/\/www.europesays.com\/de\/wp-json\/wp\/v2\/comments?post=503667"}],"version-history":[{"count":0,"href":"https:\/\/www.europesays.com\/de\/wp-json\/wp\/v2\/posts\/503667\/revisions"}],"wp:featuredmedia":[{"embeddable":true,"href":"https:\/\/www.europesays.com\/de\/wp-json\/wp\/v2\/media\/503668"}],"wp:attachment":[{"href":"https:\/\/www.europesays.com\/de\/wp-json\/wp\/v2\/media?parent=503667"}],"wp:term":[{"taxonomy":"category","embeddable":true,"href":"https:\/\/www.europesays.com\/de\/wp-json\/wp\/v2\/categories?post=503667"},{"taxonomy":"post_tag","embeddable":true,"href":"https:\/\/www.europesays.com\/de\/wp-json\/wp\/v2\/tags?post=503667"}],"curies":[{"name":"wp","href":"https:\/\/api.w.org\/{rel}","templated":true}]}}