{"id":503675,"date":"2025-10-16T17:04:22","date_gmt":"2025-10-16T17:04:22","guid":{"rendered":"https:\/\/www.europesays.com\/de\/503675\/"},"modified":"2025-10-16T17:04:22","modified_gmt":"2025-10-16T17:04:22","slug":"bombenfund-in-eving-evakuierung-beendet","status":"publish","type":"post","link":"https:\/\/www.europesays.com\/de\/503675\/","title":{"rendered":"Bombenfund in Eving: Evakuierung beendet"},"content":{"rendered":"<p>\t\tBombenfund in Eving<br \/>\n\t\t\t\t\tEntsch\u00e4rfung erfolgreich, Derner Stra\u00dfe gesperrt<\/p>\n<p>\t\tvon <a href=\"https:\/\/www.ruhrnachrichten.de\/author\/tim-huebbertz\/\" rel=\"author noopener\" target=\"_blank\">Tim H\u00fcbbertz<\/a>, <a href=\"https:\/\/www.ruhrnachrichten.de\/author\/julius-obhues\/\" rel=\"author noopener\" target=\"_blank\">Julius Obhues<\/a>\t<\/p>\n<p>    <a href=\"https:\/\/www.ruhrnachrichten.de\/wp-content\/uploads\/2025\/10\/16\/10\/630_0900_5180833_-1648x824.jpg\" target=\"_blank\" rel=\"noopener\"><\/p>\n<p>            <img loading=\"lazy\" decoding=\"async\" src=\"https:\/\/www.europesays.com\/de\/wp-content\/uploads\/2025\/10\/630_0900_5180832_-640x428.jpg\" width=\"640\" height=\"428\"  alt=\"Reporter Tim H\u00fcbbertz live vor Ort in Dortmund-Eving.\"\/><\/p>\n<p>    <\/a><br \/>\n    In Dortmund-Eving wurde eine Bombe aus dem Zweiten Weltkrieg entdeckt. Reporter Tim H\u00fcbbertz ist live vor Ort. \u00a9 H\u00fcbbertz<\/p>\n<p class=\"article__teaser-text\">Im Posthornweg in Eving ist am Donnerstag ein 50-kg-Blindg\u00e4nger aus dem Zweiten Weltkrieg gefunden worden. Am Abend wurde sie entsch\u00e4rft.<\/p>\n<p>2 Min Lesezeit<\/p>\n","protected":false},"excerpt":{"rendered":"Bombenfund in Eving Entsch\u00e4rfung erfolgreich, Derner Stra\u00dfe gesperrt von Tim H\u00fcbbertz, Julius Obhues In Dortmund-Eving wurde eine Bombe&hellip;\n","protected":false},"author":2,"featured_media":503676,"comment_status":"","ping_status":"","sticky":false,"template":"","format":"standard","meta":{"footnotes":""},"categories":[1833],"tags":[1950,11195,3364,29,217,30,1209],"class_list":{"0":"post-503675","1":"post","2":"type-post","3":"status-publish","4":"format-standard","5":"has-post-thumbnail","7":"category-dortmund","8":"tag-blaulicht","9":"tag-bombenfund","10":"tag-de","11":"tag-deutschland","12":"tag-dortmund","13":"tag-germany","14":"tag-nordrhein-westfalen"},"share_on_mastodon":{"url":"https:\/\/pubeurope.com\/@de\/115384934216747689","error":""},"_links":{"self":[{"href":"https:\/\/www.europesays.com\/de\/wp-json\/wp\/v2\/posts\/503675","targetHints":{"allow":["GET"]}}],"collection":[{"href":"https:\/\/www.europesays.com\/de\/wp-json\/wp\/v2\/posts"}],"about":[{"href":"https:\/\/www.europesays.com\/de\/wp-json\/wp\/v2\/types\/post"}],"author":[{"embeddable":true,"href":"https:\/\/www.europesays.com\/de\/wp-json\/wp\/v2\/users\/2"}],"replies":[{"embeddable":true,"href":"https:\/\/www.europesays.com\/de\/wp-json\/wp\/v2\/comments?post=503675"}],"version-history":[{"count":0,"href":"https:\/\/www.europesays.com\/de\/wp-json\/wp\/v2\/posts\/503675\/revisions"}],"wp:featuredmedia":[{"embeddable":true,"href":"https:\/\/www.europesays.com\/de\/wp-json\/wp\/v2\/media\/503676"}],"wp:attachment":[{"href":"https:\/\/www.europesays.com\/de\/wp-json\/wp\/v2\/media?parent=503675"}],"wp:term":[{"taxonomy":"category","embeddable":true,"href":"https:\/\/www.europesays.com\/de\/wp-json\/wp\/v2\/categories?post=503675"},{"taxonomy":"post_tag","embeddable":true,"href":"https:\/\/www.europesays.com\/de\/wp-json\/wp\/v2\/tags?post=503675"}],"curies":[{"name":"wp","href":"https:\/\/api.w.org\/{rel}","templated":true}]}}