{"id":503682,"date":"2025-10-16T17:08:14","date_gmt":"2025-10-16T17:08:14","guid":{"rendered":"https:\/\/www.europesays.com\/de\/503682\/"},"modified":"2025-10-16T17:08:14","modified_gmt":"2025-10-16T17:08:14","slug":"nordfriedhof-wird-an-allerheiligen-illuminiert","status":"publish","type":"post","link":"https:\/\/www.europesays.com\/de\/503682\/","title":{"rendered":"Nordfriedhof wird an Allerheiligen illuminiert\u00a0"},"content":{"rendered":"<p class=\"text_ohne_einzug richtext text-em-55 !leading-serif mx-6 desktop:mx-0\"> Die Stadt l\u00e4dt zu <a href=\"https:\/\/rp-online.de\/thema\/allerheiligen\/\" target=\"_blank\" rel=\"noopener\">Allerheiligen<\/a> am Samstag, 1. November, auf den illuminierten Nordfriedhof ein. Die Lindenallee am Haupteingang des Friedhofs, die Kapelle und ausgew\u00e4hlte Grabmale werden in verschiedenen Farben angestrahlt. Die Beleuchtung sorgt auf dem gr\u00f6\u00dften Friedhof D\u00fcsseldorfs f\u00fcr eine ganz besondere Atmosph\u00e4re. Dar\u00fcber hinaus gibt es ein Veranstaltungsprogramm, bei dem die Besucher den Friedhof als Kulturst\u00e4tte und Ort der Natur in der Stadt erleben k\u00f6nnen.<\/p>\n","protected":false},"excerpt":{"rendered":"Die Stadt l\u00e4dt zu Allerheiligen am Samstag, 1. November, auf den illuminierten Nordfriedhof ein. Die Lindenallee am Haupteingang&hellip;\n","protected":false},"author":2,"featured_media":503683,"comment_status":"","ping_status":"","sticky":false,"template":"","format":"standard","meta":{"footnotes":""},"categories":[1831],"tags":[8296,95701,125899,21279,3364,29,3405,68187,125901,125902,30,42742,125900,34365,1209,7789,9717,125903,3699,25611],"class_list":{"0":"post-503682","1":"post","2":"type-post","3":"status-publish","4":"format-standard","5":"has-post-thumbnail","7":"category-duesseldorf","8":"tag-friedhof","9":"tag-nordfriedhof","10":"tag-allerheiligen","11":"tag-besondere","12":"tag-de","13":"tag-deutschland","14":"tag-duesseldorf","15":"tag-friedhofs","16":"tag-friedhofsgewerbe","17":"tag-friedhofsveranstaltung","18":"tag-germany","19":"tag-grab","20":"tag-grabmale","21":"tag-kapelle","22":"tag-nordrhein-westfalen","23":"tag-programm","24":"tag-uhr","25":"tag-unterhaltungsprogramm","26":"tag-veranstaltung","27":"tag-veranstaltungsprogramm"},"share_on_mastodon":{"url":"","error":""},"_links":{"self":[{"href":"https:\/\/www.europesays.com\/de\/wp-json\/wp\/v2\/posts\/503682","targetHints":{"allow":["GET"]}}],"collection":[{"href":"https:\/\/www.europesays.com\/de\/wp-json\/wp\/v2\/posts"}],"about":[{"href":"https:\/\/www.europesays.com\/de\/wp-json\/wp\/v2\/types\/post"}],"author":[{"embeddable":true,"href":"https:\/\/www.europesays.com\/de\/wp-json\/wp\/v2\/users\/2"}],"replies":[{"embeddable":true,"href":"https:\/\/www.europesays.com\/de\/wp-json\/wp\/v2\/comments?post=503682"}],"version-history":[{"count":0,"href":"https:\/\/www.europesays.com\/de\/wp-json\/wp\/v2\/posts\/503682\/revisions"}],"wp:featuredmedia":[{"embeddable":true,"href":"https:\/\/www.europesays.com\/de\/wp-json\/wp\/v2\/media\/503683"}],"wp:attachment":[{"href":"https:\/\/www.europesays.com\/de\/wp-json\/wp\/v2\/media?parent=503682"}],"wp:term":[{"taxonomy":"category","embeddable":true,"href":"https:\/\/www.europesays.com\/de\/wp-json\/wp\/v2\/categories?post=503682"},{"taxonomy":"post_tag","embeddable":true,"href":"https:\/\/www.europesays.com\/de\/wp-json\/wp\/v2\/tags?post=503682"}],"curies":[{"name":"wp","href":"https:\/\/api.w.org\/{rel}","templated":true}]}}