{"id":503719,"date":"2025-10-16T17:27:10","date_gmt":"2025-10-16T17:27:10","guid":{"rendered":"https:\/\/www.europesays.com\/de\/503719\/"},"modified":"2025-10-16T17:27:10","modified_gmt":"2025-10-16T17:27:10","slug":"richard-david-precht-jemanden-zu-canceln-ist-fuer-mich-faschismus","status":"publish","type":"post","link":"https:\/\/www.europesays.com\/de\/503719\/","title":{"rendered":"Richard David Precht: &#8222;Jemanden zu canceln, ist f\u00fcr mich Faschismus&#8220;"},"content":{"rendered":"<p class=\"paragraph article__item\">In <a href=\"https:\/\/www.zeit.de\/kultur\/literatur\/2025-10\/angststillstand-richard-david-precht-meinungsfreiheit-andersdenkende-liberale\/komplettansicht\" class=\"\" target=\"_blank\" rel=\"noopener\">seinem neuen Buch <\/a><a href=\"https:\/\/www.zeit.de\/kultur\/literatur\/2025-10\/angststillstand-richard-david-precht-meinungsfreiheit-andersdenkende-liberale\/komplettansicht\" class=\"\" target=\"_blank\" rel=\"noopener\">Angststillstand \u2013 Warum die<br \/>\nMeinungsfreiheit schwindet<\/a>\u00a0er\u00f6rtert Richard David Precht seine Diagnose, dass sich<br \/>\nimmer weniger Menschen in Deutschland trauten, offen ihre Meinung zu \u00e4u\u00dfern. Auf<br \/>\nder Frankfurter Buchmesse sprach\u00a0Precht\u00a0dar\u00fcber am ZEIT-Stand mit Ijoma<br \/>\nMangold, Kulturkorrespondent des Feuilletons der ZEIT.\n<\/p>\n<p class=\"paragraph article__item\">Vor zehn Jahren habe er sich keine Gedanken \u00fcber seine<br \/>\nWortwahl gemacht, wenn er in einer Talkshow zu Gast war, sagte Precht. Mittlerweile habe<br \/>\nsich das ge\u00e4ndert, das sei beunruhigend. Als Beispiele f\u00fcr Themen, in denen die<br \/>\nMeinungsfreiheit bedroht sei, nannte Precht Kritik am politischen Umgang mit der<br \/>\nCoronapandemie, an der Ukrainepolitik oder am Krieg der israelischen<br \/>\nRegierung in Gaza. &#8222;Jeder ist da sensibel, was die Einschr\u00e4nkung der Meinungsfreiheit anbelangt, wo es um die eigene Meinung geht.&#8220; Bei Meinungen, die von der<br \/>\neigenen abwichen, sei das anders. Precht sagte: &#8222;Jemanden zu canceln, ist f\u00fcr mich Faschismus. &#8218;Shitstorm&#8216; ist ein modernes Wort f\u00fcr Pogrome.&#8220;\n<\/p>\n<p class=\"paragraph article__item\">Precht erz\u00e4hlte von seinem Aufwachsen in einem linken Elternhaus. Im Nachgang der 68er-Bewegung seien in Deutschland viele Fortschritte gemacht worden, beispielsweise mit Blick auf die Gleichberechtigung von Frauen. Die Schattenseite dieser Entwicklung sei jedoch eine Moralisierung innerhalb der Gesellschaft. &#8222;Und je mehr ich moralisiere, desto intoleranter werde ich gegen\u00fcber anderen Meinungen&#8220;, sagte Precht. Die Antwort auf diese Entwicklung sei f\u00fcr ihn Resilienz, vor allem bei Verantwortungstr\u00e4gern.\u00a0\n<\/p>\n<p class=\"paragraph article__item\">&#8222;Man muss sich \u00fcberlegen, welche Mittel man einf\u00fchrt, um jetzt das zu sch\u00fctzen, was man eine gut funktionierende Demokratie nennt&#8220;, sagte Precht. &#8222;Sch\u00fctzen wir die liberale<br \/>\nDemokratie, indem wir sie nicht zu Tode sch\u00fctzen.&#8220;\n<\/p>\n<p class=\"paragraph article__item\">Sehen Sie hier das Video.<\/p>\n","protected":false},"excerpt":{"rendered":"In seinem neuen Buch Angststillstand \u2013 Warum die Meinungsfreiheit schwindet\u00a0er\u00f6rtert Richard David Precht seine Diagnose, dass sich immer&hellip;\n","protected":false},"author":2,"featured_media":503720,"comment_status":"","ping_status":"","sticky":false,"template":"","format":"standard","meta":{"footnotes":""},"categories":[1774],"tags":[3100,1784,1785,146,29,214,9894,53122,30,80,93,11314,106603,215],"class_list":{"0":"post-503719","1":"post","2":"type-post","3":"status-publish","4":"format-standard","5":"has-post-thumbnail","7":"category-buecher","8":"tag-autor","9":"tag-books","10":"tag-buecher","11":"tag-demokratie","12":"tag-deutschland","13":"tag-entertainment","14":"tag-faschismus","15":"tag-frankfurter-buchmesse","16":"tag-germany","17":"tag-kultur","18":"tag-literatur","19":"tag-meinungsfreiheit","20":"tag-richard-david-precht","21":"tag-unterhaltung"},"share_on_mastodon":{"url":"https:\/\/pubeurope.com\/@de\/115385024126170250","error":""},"_links":{"self":[{"href":"https:\/\/www.europesays.com\/de\/wp-json\/wp\/v2\/posts\/503719","targetHints":{"allow":["GET"]}}],"collection":[{"href":"https:\/\/www.europesays.com\/de\/wp-json\/wp\/v2\/posts"}],"about":[{"href":"https:\/\/www.europesays.com\/de\/wp-json\/wp\/v2\/types\/post"}],"author":[{"embeddable":true,"href":"https:\/\/www.europesays.com\/de\/wp-json\/wp\/v2\/users\/2"}],"replies":[{"embeddable":true,"href":"https:\/\/www.europesays.com\/de\/wp-json\/wp\/v2\/comments?post=503719"}],"version-history":[{"count":0,"href":"https:\/\/www.europesays.com\/de\/wp-json\/wp\/v2\/posts\/503719\/revisions"}],"wp:featuredmedia":[{"embeddable":true,"href":"https:\/\/www.europesays.com\/de\/wp-json\/wp\/v2\/media\/503720"}],"wp:attachment":[{"href":"https:\/\/www.europesays.com\/de\/wp-json\/wp\/v2\/media?parent=503719"}],"wp:term":[{"taxonomy":"category","embeddable":true,"href":"https:\/\/www.europesays.com\/de\/wp-json\/wp\/v2\/categories?post=503719"},{"taxonomy":"post_tag","embeddable":true,"href":"https:\/\/www.europesays.com\/de\/wp-json\/wp\/v2\/tags?post=503719"}],"curies":[{"name":"wp","href":"https:\/\/api.w.org\/{rel}","templated":true}]}}