{"id":503731,"date":"2025-10-16T17:33:15","date_gmt":"2025-10-16T17:33:15","guid":{"rendered":"https:\/\/www.europesays.com\/de\/503731\/"},"modified":"2025-10-16T17:33:15","modified_gmt":"2025-10-16T17:33:15","slug":"andreas-gabaliers-wieder-vergeben-kollegin-reagiert-auf-geruechte","status":"publish","type":"post","link":"https:\/\/www.europesays.com\/de\/503731\/","title":{"rendered":"Andreas Gabaliers wieder vergeben: Kollegin reagiert auf Ger\u00fcchte"},"content":{"rendered":"<p>&#8222;Einer der attraktivsten M\u00e4nner der Musikbranche&#8220; <\/p>\n<p>Andreas Gabalier wieder vergeben \u2013 Kollegin reagiert auf Ger\u00fcchte<\/p>\n<p>16.10.2025 &#8211; 17:35 UhrLesedauer: 2 Min.<\/p>\n<p><a href=\"#focus-0\" class=\"transition-colors duration-200 block text-current relative\" data-sctrack=\"FocusGalleryImage.Reference\"><img fetchpriority=\"high\" data-testid=\"Opener.Image\" style=\"--lqipURL:url('https:\/\/images.t-online.de\/2023\/05\/ACp83IGArB6L\/0x208:4000x2250\/fit-in\/150x0\/filters:blur(25)\/andreas-gabalier-der-musiker-tritt-am-freitag-auf.jpg')\"   loading=\"eager\" src=\"https:\/\/www.europesays.com\/de\/wp-content\/uploads\/2025\/10\/andreas-gabalier-der-musiker-tritt-am-freitag-auf.jpg\" alt=\"Andreas Gabalier: Der Musiker ist wieder vergeben.\" title=\"Andreas Gabalier: Der Musiker ist wieder vergeben.\" width=\"4000\" height=\"2250\" class=\"bg-[url:var(--lqipURL)] bg-cover bg-center flex h-full w-full max-w-full\" decoding=\"async\"\/><img style=\"--width:32;--height:32\" loading=\"lazy\" src=\"https:\/\/www.t-online.de\/s\/paper\/_next\/static\/media\/zoom-in.f7dae02f.svg\" alt=\"Vergr\u00f6\u00dfern des Bildes\" title=\"Vergr\u00f6\u00dfern des Bildes\" class=\"block h-[calc(var(--height)_\/_16_*_1rem)] w-[calc(var(--width)_\/_16_*_1rem)] max-w-none absolute bottom-8 right-8 rounded-4 bg-snow p-8\" decoding=\"async\"\/><\/a><\/p>\n<p>Andreas Gabalier: Der Musiker ist wieder vergeben. (Quelle: IMAGO\/Christoph Hardt)<\/p>\n<p class=\"font-bold text-18 leading-17\">In der Schlagerwelt wird derzeit spekuliert, wer die neue Frau an Andreas Gabaliers Seite ist. Eine Kollegin steht dabei besonders im Fokus \u2013 und nimmt nun Stellung.<\/p>\n<p class=\"text-18 leading-17\">Seit Tagen besch\u00e4ftigt ein Thema die Fans des Schlagers: <a class=\"transition-colors duration-200 cursor-pointer text-inherit no-underline text-salemsfur md:hover:text-magenta md:hover:border-magenta md:focus:text-magenta border-current border-b border-solid break-words\" href=\"https:\/\/www.t-online.de\/themen\/andreas-gabalier\/\" data-sctrack=\"BodyAnchor\" target=\"_blank\" rel=\"noopener\">Andreas Gabalier<\/a> ist wieder vergeben \u2013 das hatte der Musiker k\u00fcrzlich best\u00e4tigt. Seither ranken sich zahlreiche Ger\u00fcchte um die Identit\u00e4t der Frau, die sein Herz erobert haben soll. Im Mittelpunkt dieser Spekulationen: seine Kollegin Jenice, b\u00fcrgerlich Franziska Czurratis. Sie \u00e4u\u00dfert sich jetzt selbst.<\/p>\n<p class=\"text-18 leading-17\">Anlass f\u00fcr die Vermutungen waren Kommentare unter Gabaliers Social-Media-Posts. Czurratis hatte dort mit Flammen-Emojis reagiert \u2013 f\u00fcr viele ein klares Zeichen. In einem Interview mit &#8222;Merkur.de&#8220; bezieht die 37-J\u00e4hrige jetzt jedoch eindeutig Stellung und stellt klar: &#8222;Ich bin nicht die neue Freundin von Andreas Gabalier.&#8220;<\/p>\n<p class=\"text-18 leading-17\">Trotz ihrer klaren Worte spart Czurratis nicht mit Lob. Sie halte Gabalier f\u00fcr einen &#8222;einzigartigen K\u00fcnstler&#8220;, au\u00dferdem sei er ihrer Meinung nach &#8222;einer der attraktivsten M\u00e4nner der Musikbranche&#8220;. Eine Beziehung mit einem Musiker k\u00f6nne sie sich aber nicht vorstellen, wie sie erkl\u00e4rt. &#8222;Das funktioniert einfach nicht&#8220;, sagt sie \u2013 und beendet damit die Spekulationen um ihre Person.<\/p>\n<p class=\"text-18 leading-17\">Zuvor hatte Andreas Gabalier selbst der &#8222;Bild&#8220; best\u00e4tigt: &#8222;Ja, es gibt da jemanden. Es ist alles noch sehr neu und wir wollen mal schauen, was daraus wird.&#8220; Den Namen seiner neuen Partnerin nannte er nicht. In der Vergangenheit war der 40-J\u00e4hrige regelm\u00e4\u00dfig Gegenstand \u00e4hnlicher Ger\u00fcchte.<\/p>\n<p class=\"text-18 leading-17\">Bekannt wurde Gabalier nicht nur durch Lieder wie &#8222;3,42 Promille&#8220;, sondern auch durch seine sechsj\u00e4hrige Beziehung mit der TV-Moderatorin Silvia Schneider. Nach der Trennung im Jahr 2019 galt der S\u00e4nger offiziell als Single. Nun ist klar: Das hat sich ge\u00e4ndert. Wie er betont, m\u00f6chte er Details aus seinem Privatleben k\u00fcnftig allerdings nicht mehr \u00f6ffentlich teilen. &#8222;Ich habe mir vorgenommen, dieses Thema f\u00fcr mich ein bisschen abseits der \u00d6ffentlichkeit zu gestalten&#8220;, so Gabalier in dem Interview.<\/p>\n","protected":false},"excerpt":{"rendered":"&#8222;Einer der attraktivsten M\u00e4nner der Musikbranche&#8220; Andreas Gabalier wieder vergeben \u2013 Kollegin reagiert auf Ger\u00fcchte 16.10.2025 &#8211; 17:35&hellip;\n","protected":false},"author":2,"featured_media":503732,"comment_status":"","ping_status":"","sticky":false,"template":"","format":"standard","meta":{"footnotes":""},"categories":[155],"tags":[722,522,67885,29,214,125916,30,51750,215],"class_list":{"0":"post-503731","1":"post","2":"type-post","3":"status-publish","4":"format-standard","5":"has-post-thumbnail","7":"category-unterhaltung","8":"tag-722","9":"tag-522","10":"tag-andreas-gabalier","11":"tag-deutschland","12":"tag-entertainment","13":"tag-franziska-czurrati","14":"tag-germany","15":"tag-musikbranche","16":"tag-unterhaltung"},"share_on_mastodon":{"url":"https:\/\/pubeurope.com\/@de\/115385048315040685","error":""},"_links":{"self":[{"href":"https:\/\/www.europesays.com\/de\/wp-json\/wp\/v2\/posts\/503731","targetHints":{"allow":["GET"]}}],"collection":[{"href":"https:\/\/www.europesays.com\/de\/wp-json\/wp\/v2\/posts"}],"about":[{"href":"https:\/\/www.europesays.com\/de\/wp-json\/wp\/v2\/types\/post"}],"author":[{"embeddable":true,"href":"https:\/\/www.europesays.com\/de\/wp-json\/wp\/v2\/users\/2"}],"replies":[{"embeddable":true,"href":"https:\/\/www.europesays.com\/de\/wp-json\/wp\/v2\/comments?post=503731"}],"version-history":[{"count":0,"href":"https:\/\/www.europesays.com\/de\/wp-json\/wp\/v2\/posts\/503731\/revisions"}],"wp:featuredmedia":[{"embeddable":true,"href":"https:\/\/www.europesays.com\/de\/wp-json\/wp\/v2\/media\/503732"}],"wp:attachment":[{"href":"https:\/\/www.europesays.com\/de\/wp-json\/wp\/v2\/media?parent=503731"}],"wp:term":[{"taxonomy":"category","embeddable":true,"href":"https:\/\/www.europesays.com\/de\/wp-json\/wp\/v2\/categories?post=503731"},{"taxonomy":"post_tag","embeddable":true,"href":"https:\/\/www.europesays.com\/de\/wp-json\/wp\/v2\/tags?post=503731"}],"curies":[{"name":"wp","href":"https:\/\/api.w.org\/{rel}","templated":true}]}}