{"id":503735,"date":"2025-10-16T17:35:11","date_gmt":"2025-10-16T17:35:11","guid":{"rendered":"https:\/\/www.europesays.com\/de\/503735\/"},"modified":"2025-10-16T17:35:11","modified_gmt":"2025-10-16T17:35:11","slug":"deutschlandweiter-rueckruf-dm-muss-lebensmittelverkauf-stoppen-ruhr24","status":"publish","type":"post","link":"https:\/\/www.europesays.com\/de\/503735\/","title":{"rendered":"Deutschlandweiter R\u00fcckruf: Dm muss Lebensmittelverkauf stoppen &#8211; Ruhr24"},"content":{"rendered":"<ol>\n<li><a href=\"https:\/\/news.google.com\/rss\/articles\/CBMi7gFBVV95cUxNc0tZbGtzMzRhc0pENUJNbXJPMU8xQTJCcjBzWEpGRXAyZnJLQ0FVRC05eWRPRzJTUUpnc0ZxZ0xOdlV4ejRpREt0VURkckVDME1KTWFlMUd1RlRPVlc2U2xvZGpUVGhpYzlqeTZHRERaVXR5NTczdEItWm5JcjJ4aXBEWTNqSkpReS1JV3NDeVc4cW05MUdKMVNGck5NX19BRnRYMy1zOExtUXRVWTkzbnlYb19JUk9wakd3dVZfWlUxb2xaZkgxSkcxOTB0RHRoYWJQbHBwNzJFbmJ0QXU4ZzNfNV9wRVB5M29UZXZ3?oc=5\" target=\"_blank\" rel=\"noopener\">Deutschlandweiter R\u00fcckruf: Dm muss Lebensmittelverkauf stoppen<\/a>&nbsp;&nbsp;Ruhr24<\/li>\n<li><a href=\"https:\/\/news.google.com\/rss\/articles\/CBMitgFBVV95cUxNWjc1VVowTEM3RWM3a0tSOXZzX3ZzQkktaTRUbDVCZDJldWxQeV9mai1OOGhnWmd6a3NDNDExeGJqQ0VjdlRnamhVaW5pOGEzNDhOdW1aajEyYUtuNGh5QjdYd0FHZDQyME1DQ0MxSjFkbHVpM3NDUndQVnBLYUVhWUZVU0p5NmFuTkU5X2ZCVWtyZHhzRWxnbldGZWdWT3poNjVxaGU0UTNvX1JGRDh1OW8zMTJFZw?oc=5\" target=\"_blank\" rel=\"noopener\">Produktr\u00fcckruf: dm ruft vorsorglich den Artikel \u201edmBio Tofu Natur, 200 g\u201c zur\u00fcck<\/a>&nbsp;&nbsp;DM<\/li>\n<li><a href=\"https:\/\/news.google.com\/rss\/articles\/CBMitAFBVV95cUxNRnZvQnlpM3JQNjhVdDlZblNTY3JxU0lydWkxTll0U0VocmhQUlQwUGc5ajlXTi03ajVqR3A5Yl80V25BS0RWNUE0NWdnSGtpZWJSSlppQ0FDZ3ZEbzdPSmlHMFRUMFp5TVl5dDVveE5lNDBQQnRSTmdZTGhXQ2dDcHdjSTJ0M0hLTF84UW13aE9fV05XZ0hkQ2NsVjBFMkQyWjkyOXJ0TjJuVFZQeTBhWXNBZEs?oc=5\" target=\"_blank\" rel=\"noopener\">Tofu-R\u00fcckruf bei Alnatura und dm: Bitte nicht essen!<\/a>&nbsp;&nbsp;stuttgarter-zeitung.de<\/li>\n<li><a href=\"https:\/\/news.google.com\/rss\/articles\/CBMijgFBVV95cUxQYnNhczZjMEpZc2IwRmRBRnNwMlB1M21iVExmTjBQSXJpV2k1dGFKVjE2bEY2MENGemk3d01JYUdDaHB4R2toY0xzci1kYkVOWk9RdmVXMWYxTWtwSjNVb21qS1NlWkppS1Fib3pNNGlOQ1lkM2RBQTJpOHZDaEFSQjEwdmFHSXJVajlsTm5n?oc=5\" target=\"_blank\" rel=\"noopener\">R\u00fcckruf bei dm: Bakterien in Tofu<\/a>&nbsp;&nbsp;\u00d6ko-Test<\/li>\n<li><a href=\"https:\/\/news.google.com\/rss\/articles\/CBMi6AFBVV95cUxQUDJQWHpOd2x2LWt0aUZDeWtGLVRpczg1WC02YUhDdHFHSnZaNjRWejJZUjlTVEc0NEZ6YWRiZ3ZGX2VRR0JMdHJuYzEzdkRTaVVqSTN0YzJ1ZVJjSF9GcFBsMHFydVR6LWVtc1VvZ21OeV9FQ29yTVUwejcxUE1JckFvczZJVld1Q0U5elJBOXFqTG1aYzhfaG5KM2JqUnI2VHo3bjNqWHN0SXBxRm9ta2pUNUFuNTJvOE9pSmN6VHRGWmNjV04ydlk2bThnaHdCSmtPRG92emYzaFhtYnVRLTRJOVNtaG5u?oc=5\" target=\"_blank\" rel=\"noopener\">R\u00fcckruf bei Edeka, Tegut und Rossmann: Beliebtes Bio-Produkt kann \u00dcbelkeit und Erbrechen ausl\u00f6sen<\/a>&nbsp;&nbsp;Waldeckische Landeszeitung<\/li>\n<\/ol>\n","protected":false},"excerpt":{"rendered":"Deutschlandweiter R\u00fcckruf: Dm muss Lebensmittelverkauf stoppen&nbsp;&nbsp;Ruhr24 Produktr\u00fcckruf: dm ruft vorsorglich den Artikel \u201edmBio Tofu Natur, 200 g\u201c zur\u00fcck&nbsp;&nbsp;DM&hellip;\n","protected":false},"author":2,"featured_media":503736,"comment_status":"","ping_status":"","sticky":false,"template":"","format":"standard","meta":{"footnotes":""},"categories":[134],"tags":[175,170,169,29,30,171,174,173,172],"class_list":{"0":"post-503735","1":"post","2":"type-post","3":"status-publish","4":"format-standard","5":"has-post-thumbnail","7":"category-unternehmen-maerkte","8":"tag-business","9":"tag-companies","10":"tag-companies-markets","11":"tag-deutschland","12":"tag-germany","13":"tag-markets","14":"tag-maerkte","15":"tag-unternehmen","16":"tag-unternehmen-maerkte"},"share_on_mastodon":{"url":"https:\/\/pubeurope.com\/@de\/115385055456470462","error":""},"_links":{"self":[{"href":"https:\/\/www.europesays.com\/de\/wp-json\/wp\/v2\/posts\/503735","targetHints":{"allow":["GET"]}}],"collection":[{"href":"https:\/\/www.europesays.com\/de\/wp-json\/wp\/v2\/posts"}],"about":[{"href":"https:\/\/www.europesays.com\/de\/wp-json\/wp\/v2\/types\/post"}],"author":[{"embeddable":true,"href":"https:\/\/www.europesays.com\/de\/wp-json\/wp\/v2\/users\/2"}],"replies":[{"embeddable":true,"href":"https:\/\/www.europesays.com\/de\/wp-json\/wp\/v2\/comments?post=503735"}],"version-history":[{"count":0,"href":"https:\/\/www.europesays.com\/de\/wp-json\/wp\/v2\/posts\/503735\/revisions"}],"wp:featuredmedia":[{"embeddable":true,"href":"https:\/\/www.europesays.com\/de\/wp-json\/wp\/v2\/media\/503736"}],"wp:attachment":[{"href":"https:\/\/www.europesays.com\/de\/wp-json\/wp\/v2\/media?parent=503735"}],"wp:term":[{"taxonomy":"category","embeddable":true,"href":"https:\/\/www.europesays.com\/de\/wp-json\/wp\/v2\/categories?post=503735"},{"taxonomy":"post_tag","embeddable":true,"href":"https:\/\/www.europesays.com\/de\/wp-json\/wp\/v2\/tags?post=503735"}],"curies":[{"name":"wp","href":"https:\/\/api.w.org\/{rel}","templated":true}]}}