{"id":503737,"date":"2025-10-16T17:36:19","date_gmt":"2025-10-16T17:36:19","guid":{"rendered":"https:\/\/www.europesays.com\/de\/503737\/"},"modified":"2025-10-16T17:36:19","modified_gmt":"2025-10-16T17:36:19","slug":"in-ungarn-trump-und-putin-vereinbaren-neues-treffen-politik","status":"publish","type":"post","link":"https:\/\/www.europesays.com\/de\/503737\/","title":{"rendered":"In Ungarn: Trump und Putin vereinbaren neues Treffen | Politik"},"content":{"rendered":"<p><b>Das n\u00e4chste Treffen zwischen Trump und Putin ist vereinbart: US-Pr\u00e4sident Donald Trump erkl\u00e4rt, er werde sich mit Russland-Machthaber Wladimir Putin in Ungarns Hauptstadt Budapest treffen, um zu versuchen, den Krieg zwischen Russland und der Ukraine zu beenden. Allerdings stehe das Datum noch nicht fest.<\/b><\/p>\n<p>Auch interessant<\/p>\n<p>Anzeige<\/p>\n<p>Auch interessant<\/p>\n<p>Anzeige<\/p>\n<p>Vorher hatten die beiden lange telefoniert. Zu dem Telefonat schrieb Trump auf seiner Plattform Truth Social: \u201eIch habe gerade mein Telefongespr\u00e4ch mit dem russischen Pr\u00e4sidenten Wladimir Putin beendet, und es war sehr produktiv. Pr\u00e4sident Putin gratulierte mir und den Vereinigten Staaten zu der gro\u00dfartigen Errungenschaft des Friedens im Nahen Osten.\u201c<\/p>\n<p>Zudem werden sich laut Trump schon n\u00e4chste Woche Vertreter der beiden L\u00e4nder treffen. Trump: \u201eDie ersten Treffen werden von Au\u00dfenminister Marco Rubio zusammen mit verschiedenen anderen Personen, die noch benannt werden, geleitet. Der Ort des Treffens muss noch festgelegt werden.\u201c<\/p>\n<p>Man habe auch \u00fcber Wirtschaftsbeziehungen zwischen beiden L\u00e4ndern gesprochen, wenn der Krieg in der Ukraine vor\u00fcber sei.<\/p>\n<p>Mehr zum Thema<\/p>\n<p><b>Am Freitag wird sich Trump dann mit dem ukrainischen Pr\u00e4sidenten Wolodymyr Selenskyj treffen. Selenskyj will mit Trump unter anderem \u00fcber weitere Milit\u00e4rhilfen reden. Trump sagte dazu: \u201eEr will Waffen. Er m\u00f6chte Tomahawks haben.\u201c<\/b><\/p>\n<p>Der US-Pr\u00e4sident hatte eine Lieferung von Tomahawk-Marschflugk\u00f6rpern an die Ukraine zuvor nicht ausgeschlossen und sagte j\u00fcngst, er wolle mit der russischen Seite \u00fcber das Thema reden. <\/p>\n<p>Kremlsprecher Dmitri Peskow warnte am Montag vor solch einer Lieferung. Marschflugk\u00f6rper vom Typ Tomahawk haben eine Reichweite von bis zu 2500 Kilometern und k\u00f6nnen prinzipiell auch mit Atomsprengk\u00f6pfen best\u00fcckt werden.<\/p>\n<p>\u201eWei\u00df nicht, warum er diesen Krieg fortsetzt\u201c<\/p>\n<p><b>Am Dienstag sagte Trump noch im Wei\u00dfen Haus: \u201eIch bin sehr entt\u00e4uscht, denn Wladimir und ich hatten ein sehr gutes Verh\u00e4ltnis. Wahrscheinlich haben wir das immer noch. Ich wei\u00df nicht, warum er diesen Krieg fortsetzt.\u201c <\/b><\/p>\n<p>Putin wolle den Krieg einfach nicht beenden, sagte Trump. \u201eUnd ich denke, das l\u00e4sst ihn sehr schlecht dastehen. Er k\u00f6nnte ihn beenden. Er k\u00f6nnte ihn schnell beenden.\u201c<\/p>\n<p>Gleichzeitig zollte der US-Pr\u00e4sident der Ukraine Respekt f\u00fcr ihre seit mehr als dreieinhalb Jahren w\u00e4hrende Verteidigung gegen den russischen Angriffskrieg.<\/p>\n","protected":false},"excerpt":{"rendered":"Das n\u00e4chste Treffen zwischen Trump und Putin ist vereinbart: US-Pr\u00e4sident Donald Trump erkl\u00e4rt, er werde sich mit Russland-Machthaber&hellip;\n","protected":false},"author":2,"featured_media":503738,"comment_status":"","ping_status":"","sticky":false,"template":"","format":"standard","meta":{"footnotes":""},"categories":[3],"tags":[1737,1738,1736,13,14,15,3082,12,1464,45,10,8,9,11,1017,103,104],"class_list":{"0":"post-503737","1":"post","2":"type-post","3":"status-publish","4":"format-standard","5":"has-post-thumbnail","7":"category-welt","8":"tag-breaking-news","9":"tag-desk-delta","10":"tag-fb-instantarticles","11":"tag-headlines","12":"tag-nachrichten","13":"tag-news","14":"tag-putin-wladimir","15":"tag-schlagzeilen","16":"tag-telefon","17":"tag-texttospeech","18":"tag-top-news","19":"tag-top-meldungen","20":"tag-topmeldungen","21":"tag-topnews","22":"tag-trump-donald","23":"tag-welt","24":"tag-world"},"share_on_mastodon":{"url":"https:\/\/pubeurope.com\/@de\/115385059566105090","error":""},"_links":{"self":[{"href":"https:\/\/www.europesays.com\/de\/wp-json\/wp\/v2\/posts\/503737","targetHints":{"allow":["GET"]}}],"collection":[{"href":"https:\/\/www.europesays.com\/de\/wp-json\/wp\/v2\/posts"}],"about":[{"href":"https:\/\/www.europesays.com\/de\/wp-json\/wp\/v2\/types\/post"}],"author":[{"embeddable":true,"href":"https:\/\/www.europesays.com\/de\/wp-json\/wp\/v2\/users\/2"}],"replies":[{"embeddable":true,"href":"https:\/\/www.europesays.com\/de\/wp-json\/wp\/v2\/comments?post=503737"}],"version-history":[{"count":0,"href":"https:\/\/www.europesays.com\/de\/wp-json\/wp\/v2\/posts\/503737\/revisions"}],"wp:featuredmedia":[{"embeddable":true,"href":"https:\/\/www.europesays.com\/de\/wp-json\/wp\/v2\/media\/503738"}],"wp:attachment":[{"href":"https:\/\/www.europesays.com\/de\/wp-json\/wp\/v2\/media?parent=503737"}],"wp:term":[{"taxonomy":"category","embeddable":true,"href":"https:\/\/www.europesays.com\/de\/wp-json\/wp\/v2\/categories?post=503737"},{"taxonomy":"post_tag","embeddable":true,"href":"https:\/\/www.europesays.com\/de\/wp-json\/wp\/v2\/tags?post=503737"}],"curies":[{"name":"wp","href":"https:\/\/api.w.org\/{rel}","templated":true}]}}