{"id":503739,"date":"2025-10-16T17:37:11","date_gmt":"2025-10-16T17:37:11","guid":{"rendered":"https:\/\/www.europesays.com\/de\/503739\/"},"modified":"2025-10-16T17:37:11","modified_gmt":"2025-10-16T17:37:11","slug":"wehrpflicht-debatte-herr-roderich-afd-politiker-irritiert-roettgen-mit-zwischenfrage","status":"publish","type":"post","link":"https:\/\/www.europesays.com\/de\/503739\/","title":{"rendered":"Wehrpflicht-Debatte: \u201eHerr Roderich\u00a0\u2026\u201c \u2013 AfD-Politiker irritiert R\u00f6ttgen mit Zwischenfrage"},"content":{"rendered":"<p class=\"is-first-paragraph\" data-external=\"Article.FirstParagraph\">Verteidigungsminister Boris Pistorius (SPD) hat vor dem Bundestag f\u00fcr seinen in der Koalition <a class=\"is-link c-block-items__link c-link--rich-text-renderer\" href=\"https:\/\/www.welt.de\/politik\/deutschland\/plus68ee8a121484e88fa319b0a6\/eklat-um-wehrdienst-pistorius-hat-die-spd-fraktion-angezuendet.html\" data-internal-tracking-enabled=\"true\" data-internal-tracking=\"{&quot;action&quot;:&quot;click&quot;,&quot;label&quot;:&quot;link&quot;,&quot;name&quot;:&quot;Inline Element&quot;,&quot;data&quot;:{&quot;source&quot;:&quot;&quot;,&quot;target&quot;:&quot;https:\/\/www.welt.de\/politik\/deutschland\/plus68ee8a121484e88fa319b0a6\/eklat-um-wehrdienst-pistorius-hat-die-spd-fraktion-angezuendet.html&quot;,&quot;trackingName&quot;:&quot;&quot;,&quot;trackingLabel&quot;:&quot;&quot;}}\" target=\"_blank\" rel=\"noopener\">umstrittenen Gesetzentwurf <\/a>f\u00fcr einen neuen Wehrdienst geworben, sich aber auch zu Kompromissen bereit gezeigt. Er sprach sich in der ersten Beratung im Parlament erneut daf\u00fcr aus, ganze Jahrg\u00e4nge zu mustern, sagte aber zu anderen Vorschl\u00e4gen: \u201eIch finde das okay, ich bin offen daf\u00fcr, das parlamentarische Verfahren ist genau daf\u00fcr da, das zu diskutieren.\u201c Die Union will nur einen Teil eines Jahrgangs mustern und diesen per Los bestimmen. Das ist einer der gr\u00f6\u00dften Streitpunkte in der Koalition.<\/p>\n<p>Pistorius betonte auch, dass es zu einem Pflichtdienst kommen m\u00fcsse, wenn die freiwillige Anwerbung nicht ausreiche. \u201eAber auch das dann eben nur unter der Ma\u00dfgabe eines Bundestagsbeschlusses v\u00f6llig eindeutig mit Festlegungen, die noch zu treffen sind\u201c, betonte er.<\/p>\n<p>Zum Streit in der Koalition \u00fcber das Gesetz in den vergangenen Tagen sagte der Minister, alles weniger als eine \u201eleidenschaftliche, offene, auch hitzige Debatte\u201c, w\u00e4re f\u00fcr ihn eine Entt\u00e4uschung gewesen. \u201eDieses Thema verdient eine ehrliche und offene Debatte, weil es das Leben vieler, vieler Menschen betrifft.\u201c<\/p>\n<p>Eine kuriose Szene ereignete sich bei der anschlie\u00dfenden Bundestagsdebatte. CDU-Au\u00dfenpolitiker Norbert R\u00f6ttgen prangerte gerade die mangelnde Positionierung der AfD zum Thema Wehrpflicht an, als sich aus deren Reihen der Abgeordnete Otto Strau\u00df zu Wort meldete.<\/p>\n<p>\u201eDanke f\u00fcr die Zwischenfrage, Herr Roderich&#8230;\u201c begann der seinen Beitrag zur sichtlichen Irritation R\u00f6ttgens. \u201eDie Verwirrung der AfD geht weiter\u201c, kommentierte der trocken.<\/p>\n<p>\u201eSie sprechen dar\u00fcber, es geht um die Verteidigung unserer Werte\u201c, fuhr Strau\u00df fort. \u201eIch kann mich aber an eine Aussage von Ihnen erinnern, wo Sie gesagt haben, man kann Russland nicht die Bodensch\u00e4tze der Ukraine \u00fcberlassen. Um was geht es denn jetzt? Um Bodensch\u00e4tze oder die Verteidigung des Friedens\u201c?<\/p>\n<p>R\u00f6ttgen betonte, man wisse sehr genau, was es zu verteidigen gilt und betonte die V\u00f6lkerrechtswidrigkeit von Russlands Krieg gegen die Ukraine. Angegriffen werde die Freiheit in ganz Europa. \u201eDas, was sie gerade zitiert haben, bestreite ich\u201c, entgegnete er dem AfD-Abgeordneten scharf. \u201eSie liefern diesen Satz nach und wenn sie gelogen haben, dann stehen Sie in der n\u00e4chsten Sitzungswoche auf und bekennen vor dem Parlament und in der \u00d6ffentlichkeit, dass Sie gelogen haben\u201c, forderte er. <\/p>\n<p>M\u00f6glicherweise hatte AfD-Politiker Strau\u00df Norbert R\u00f6ttgen mit dem CDU-Verteidigungspolitiker Roderich Kiesewetter verwechselt. Kiesewetter hatte im <a class=\"is-link c-block-items__link c-link--rich-text-renderer\" href=\"https:\/\/www.youtube.com\/live\/Urid8hF54_k?si=FG2FHiPkArlEB1sR&amp;t=525\" target=\"_blank\" rel=\"noopener\" data-internal-tracking-enabled=\"true\" data-internal-tracking=\"{&quot;action&quot;:&quot;click&quot;,&quot;label&quot;:&quot;link&quot;,&quot;name&quot;:&quot;Inline Element&quot;,&quot;data&quot;:{&quot;source&quot;:&quot;&quot;,&quot;target&quot;:&quot;https:\/\/www.youtube.com\/live\/Urid8hF54_k?si=FG2FHiPkArlEB1sR&amp;t=525&quot;,&quot;trackingName&quot;:&quot;&quot;,&quot;trackingLabel&quot;:&quot;&quot;}}\">\u201eBericht aus Berlin\u201c<\/a> vor einigen Monaten vor Folgekosten eines ukrainischen Zerfalls gewarnt. \u201eDie gr\u00f6\u00dften Lithium-Vorkommen in Europa liegen im Donezk-\/Luhansk-Gebiet. Deswegen will Russland diese auch, um uns abh\u00e4ngig zu machen von der Energiewende mit Blick auf Elektromotoren\u201c.<\/p>\n","protected":false},"excerpt":{"rendered":"Verteidigungsminister Boris Pistorius (SPD) hat vor dem Bundestag f\u00fcr seinen in der Koalition umstrittenen Gesetzentwurf f\u00fcr einen neuen&hellip;\n","protected":false},"author":2,"featured_media":503740,"comment_status":"","ping_status":"","sticky":false,"template":"","format":"standard","meta":{"footnotes":""},"categories":[2],"tags":[14052,29,30,13,118958,14,15,110,9724,14051,125917,50644,115,12,184,10,8,9,11],"class_list":{"0":"post-503739","1":"post","2":"type-post","3":"status-publish","4":"format-standard","5":"has-post-thumbnail","7":"category-deutschland","8":"tag-boris","9":"tag-deutschland","10":"tag-germany","11":"tag-headlines","12":"tag-kiesewetter","13":"tag-nachrichten","14":"tag-news","15":"tag-newsteam","16":"tag-norbert","17":"tag-pistorius","18":"tag-roderich","19":"tag-roettgen","20":"tag-russland-ukraine-krieg-24-2-2022","21":"tag-schlagzeilen","22":"tag-spd","23":"tag-top-news","24":"tag-top-meldungen","25":"tag-topmeldungen","26":"tag-topnews"},"share_on_mastodon":{"url":"https:\/\/pubeurope.com\/@de\/115385063502086430","error":""},"_links":{"self":[{"href":"https:\/\/www.europesays.com\/de\/wp-json\/wp\/v2\/posts\/503739","targetHints":{"allow":["GET"]}}],"collection":[{"href":"https:\/\/www.europesays.com\/de\/wp-json\/wp\/v2\/posts"}],"about":[{"href":"https:\/\/www.europesays.com\/de\/wp-json\/wp\/v2\/types\/post"}],"author":[{"embeddable":true,"href":"https:\/\/www.europesays.com\/de\/wp-json\/wp\/v2\/users\/2"}],"replies":[{"embeddable":true,"href":"https:\/\/www.europesays.com\/de\/wp-json\/wp\/v2\/comments?post=503739"}],"version-history":[{"count":0,"href":"https:\/\/www.europesays.com\/de\/wp-json\/wp\/v2\/posts\/503739\/revisions"}],"wp:featuredmedia":[{"embeddable":true,"href":"https:\/\/www.europesays.com\/de\/wp-json\/wp\/v2\/media\/503740"}],"wp:attachment":[{"href":"https:\/\/www.europesays.com\/de\/wp-json\/wp\/v2\/media?parent=503739"}],"wp:term":[{"taxonomy":"category","embeddable":true,"href":"https:\/\/www.europesays.com\/de\/wp-json\/wp\/v2\/categories?post=503739"},{"taxonomy":"post_tag","embeddable":true,"href":"https:\/\/www.europesays.com\/de\/wp-json\/wp\/v2\/tags?post=503739"}],"curies":[{"name":"wp","href":"https:\/\/api.w.org\/{rel}","templated":true}]}}