{"id":503741,"date":"2025-10-16T17:38:14","date_gmt":"2025-10-16T17:38:14","guid":{"rendered":"https:\/\/www.europesays.com\/de\/503741\/"},"modified":"2025-10-16T17:38:14","modified_gmt":"2025-10-16T17:38:14","slug":"huthis-melden-tod-von-generalstabschef-al-ghamari","status":"publish","type":"post","link":"https:\/\/www.europesays.com\/de\/503741\/","title":{"rendered":"Huthis melden Tod von Generalstabschef al-Ghamari"},"content":{"rendered":"<p>Newsblog zur Lage in Nahost <\/p>\n<p>Huthis melden Tod eines ranghohen Anf\u00fchrers<\/p>\n<p>Aktualisiert am 16.10.2025 &#8211; 18:12 UhrLesedauer: 53 Min.<\/p>\n<p><img style=\"--width:32;--height:32\" loading=\"lazy\" src=\"https:\/\/www.t-online.de\/s\/paper\/_next\/static\/media\/loading-indicator-video.1f35d8de.svg\" alt=\"Video l\u00e4dt\" title=\"Video l\u00e4dt\" class=\"block h-[calc(var(--height)_\/_16_*_1rem)] w-[calc(var(--width)_\/_16_*_1rem)] max-w-none undefined\" decoding=\"async\"\/>Player wird geladen<\/p>\n<p>Im Video: Israel erh\u00e4lt sterbliche \u00dcberreste von vier weiteren Geiseln (Quelle: reuters)<\/p>\n<p class=\"font-bold text-18 leading-17\">Die Nummer zwei der Huthi-Miliz ist tot. Israel teilt neue forensische Erkenntnisse zu den Leichen der Geiseln. Alle Entwicklungen im Newsblog.<\/p>\n<p class=\"text-18 leading-17\">Die vom <a class=\"transition-colors duration-200 cursor-pointer text-inherit no-underline text-salemsfur md:hover:text-magenta md:hover:border-magenta md:focus:text-magenta border-current border-b border-solid break-words\" href=\"https:\/\/www.t-online.de\/themen\/iran\/\" data-sctrack=\"BodyAnchor\" target=\"_blank\" rel=\"noopener\">Iran<\/a> unterst\u00fctzte Huthi-Miliz im <a class=\"transition-colors duration-200 cursor-pointer text-inherit no-underline text-salemsfur md:hover:text-magenta md:hover:border-magenta md:focus:text-magenta border-current border-b border-solid break-words\" href=\"https:\/\/www.t-online.de\/themen\/jemen\/\" data-sctrack=\"BodyAnchor\" target=\"_blank\" rel=\"noopener\">Jemen<\/a> hat den Tod ihres Generalstabschefs best\u00e4tigt. Mohammed Abdel Karim al-Ghamari sei &#8222;im Dienst&#8220; und &#8222;zusammen mit mehreren seiner Begleiter sowie seinem Sohn&#8220; get\u00f6tet worden, teilte die Miliz mit. Al-Ghamari war einer der rangh\u00f6chsten Anf\u00fchrer der Huthi und galt als Nummer Zwei nach Anf\u00fchrer Abdel Malik al-Huthi.<\/p>\n<p class=\"text-18 leading-17\">Der israelische Verteidigungsminister <a class=\"transition-colors duration-200 cursor-pointer text-inherit no-underline text-salemsfur md:hover:text-magenta md:hover:border-magenta md:focus:text-magenta border-current border-b border-solid break-words\" href=\"https:\/\/www.t-online.de\/themen\/israel\/\" data-sctrack=\"BodyAnchor\" target=\"_blank\" rel=\"noopener\">Israel<\/a> Katz reagierte mit H\u00e4me auf die Berichte \u00fcber den Tod von al-Ghamari. &#8222;Er st\u00f6\u00dft nun in den Tiefen der H\u00f6lle zu seinen Freunden, den eliminierten Mitgliedern der Achse des B\u00f6sen&#8220;, zitierte ihn die &#8222;Times of Israel&#8220;. Katz spielte damit auf die politischen F\u00fchrer und hohen Milit\u00e4rs an, die Israel im Iran, im Jemen und aus den Reihen der libanesischen Hisbollah get\u00f6tet hat.<\/p>\n<p class=\"text-18 leading-17\">Wann genau al-Ghamari get\u00f6tet wurde, ist nicht bekannt. Die Huthi erkl\u00e4rten lediglich, er sei &#8222;w\u00e4hrend der Luftangriffe \u00fcber zwei Jahre&#8220; nach Beginn des Gaza-Kriegs get\u00f6tet worden. Berichte \u00fcber seine T\u00f6tung hatten die Huthi zuvor als falsch zur\u00fcckgewiesen. Als Nachfolger wurde Jussef Hassan al-Madani ernannt. Aus \u00f6rtlichen Quellen im Jemen hie\u00df es, Israel habe \u00fcber Nacht Ziele in der n\u00f6rdlichen Provinz Saada angegriffen, die an <a class=\"transition-colors duration-200 cursor-pointer text-inherit no-underline text-salemsfur md:hover:text-magenta md:hover:border-magenta md:focus:text-magenta border-current border-b border-solid break-words\" href=\"https:\/\/www.t-online.de\/themen\/saudi-arabien\/\" data-sctrack=\"BodyAnchor\" target=\"_blank\" rel=\"noopener\">Saudi-Arabien<\/a> grenzt. Die Provinz ist eine Hochburg der Miliz, die seit zehn Jahren den Nordjemen samt der Hauptstadt Sanaa kontrolliert.<\/p>\n<p class=\"text-18 leading-17\">Tausende Menschen haben in Israel an der Beisetzung der get\u00f6teten Geisel Tamir Nimrodi teilgenommen. Die islamistische Hamas hatte die Leiche des 20-j\u00e4hrigen Soldaten, der auch die deutsche Staatsangeh\u00f6rigkeit besa\u00df, am Dienstagabend im Rahmen einer Waffenruhe-Vereinbarung mit Israel \u00fcbergeben.<\/p>\n<p class=\"text-18 leading-17\">Nimrodis Vater Alon sagte nach Angaben des Forums der Geiselfamilien bei dem Begr\u00e4bnis in Kfar Saba bei <a class=\"transition-colors duration-200 cursor-pointer text-inherit no-underline text-salemsfur md:hover:text-magenta md:hover:border-magenta md:focus:text-magenta border-current border-b border-solid break-words\" href=\"https:\/\/www.t-online.de\/themen\/tel-aviv\/\" data-sctrack=\"BodyAnchor\" target=\"_blank\" rel=\"noopener\">Tel Aviv<\/a>: &#8222;Genau vor zwei Jahren ist unsere Welt zusammengebrochen \u2013 mit dem m\u00f6rderischen Angriff der Hamas, bei dem du, mein geliebter Sohn, entf\u00fchrt wurdest.&#8220; Die Familie habe mit allen Mitteln um seine Rettung gek\u00e4mpft. &#8222;Wir sind bis ans Ende der Welt gegangen, um von dir zu erz\u00e4hlen. Es tut mir so leid, dass ich dich nicht lebend nach Hause bringen konnte.&#8220;<\/p>\n","protected":false},"excerpt":{"rendered":"Newsblog zur Lage in Nahost Huthis melden Tod eines ranghohen Anf\u00fchrers Aktualisiert am 16.10.2025 &#8211; 18:12 UhrLesedauer: 53&hellip;\n","protected":false},"author":2,"featured_media":503742,"comment_status":"","ping_status":"","sticky":false,"template":"","format":"standard","meta":{"footnotes":""},"categories":[5],"tags":[1217,326,522,125919,578,499,296,39542,106,775,739,738,410,6897,13,18544,345,411,25906,10544,7453,125921,4045,13215,451,125918,14,6000,15,3129,125920,6966,20939,4769,12,11301,36269,10,8,9,11,2866],"class_list":{"0":"post-503741","1":"post","2":"type-post","3":"status-publish","4":"format-standard","5":"has-post-thumbnail","7":"category-nachrichten","8":"tag-1217","9":"tag-326","10":"tag-522","11":"tag-abdel-malik","12":"tag-aegypten","13":"tag-benjamin-netanjahu","14":"tag-berlin","15":"tag-bmg","16":"tag-donald-trump","17":"tag-friedrich-merz","18":"tag-gaza","19":"tag-gazastreifen","20":"tag-hamas","21":"tag-harakat-el-mukawame-el-islamije","22":"tag-headlines","23":"tag-hisbollah","24":"tag-iran","25":"tag-israel","26":"tag-israel-katz","27":"tag-jemen","28":"tag-kampf","29":"tag-kfar-saba","30":"tag-konflikt","31":"tag-massaker","32":"tag-militaer","33":"tag-mohammed-abdel-karim","34":"tag-nachrichten","35":"tag-nahost","36":"tag-news","37":"tag-newsblog","38":"tag-nordjemen","39":"tag-rafah","40":"tag-sanaa","41":"tag-saudi-arabien","42":"tag-schlagzeilen","43":"tag-tel-aviv","44":"tag-times-of-israel","45":"tag-top-news","46":"tag-top-meldungen","47":"tag-topmeldungen","48":"tag-topnews","49":"tag-toetung"},"share_on_mastodon":{"url":"","error":"Validation failed: Text character limit of 500 exceeded"},"_links":{"self":[{"href":"https:\/\/www.europesays.com\/de\/wp-json\/wp\/v2\/posts\/503741","targetHints":{"allow":["GET"]}}],"collection":[{"href":"https:\/\/www.europesays.com\/de\/wp-json\/wp\/v2\/posts"}],"about":[{"href":"https:\/\/www.europesays.com\/de\/wp-json\/wp\/v2\/types\/post"}],"author":[{"embeddable":true,"href":"https:\/\/www.europesays.com\/de\/wp-json\/wp\/v2\/users\/2"}],"replies":[{"embeddable":true,"href":"https:\/\/www.europesays.com\/de\/wp-json\/wp\/v2\/comments?post=503741"}],"version-history":[{"count":0,"href":"https:\/\/www.europesays.com\/de\/wp-json\/wp\/v2\/posts\/503741\/revisions"}],"wp:featuredmedia":[{"embeddable":true,"href":"https:\/\/www.europesays.com\/de\/wp-json\/wp\/v2\/media\/503742"}],"wp:attachment":[{"href":"https:\/\/www.europesays.com\/de\/wp-json\/wp\/v2\/media?parent=503741"}],"wp:term":[{"taxonomy":"category","embeddable":true,"href":"https:\/\/www.europesays.com\/de\/wp-json\/wp\/v2\/categories?post=503741"},{"taxonomy":"post_tag","embeddable":true,"href":"https:\/\/www.europesays.com\/de\/wp-json\/wp\/v2\/tags?post=503741"}],"curies":[{"name":"wp","href":"https:\/\/api.w.org\/{rel}","templated":true}]}}