{"id":503749,"date":"2025-10-16T17:42:11","date_gmt":"2025-10-16T17:42:11","guid":{"rendered":"https:\/\/www.europesays.com\/de\/503749\/"},"modified":"2025-10-16T17:42:11","modified_gmt":"2025-10-16T17:42:11","slug":"ausflugsziele-am-wochenende-tipps-fuer-wurzen-ilmenau-und-weissenfels","status":"publish","type":"post","link":"https:\/\/www.europesays.com\/de\/503749\/","title":{"rendered":"Ausflugsziele am Wochenende: Tipps f\u00fcr Wurzen, Ilmenau und Wei\u00dfenfels"},"content":{"rendered":"<p class=\"text\">\nHeute kommen gute Nachrichten: Es ist fast wieder Wochenende! Zeit, um aufzutanken, Inspiration zu sammeln, sich etwas Gutes zu tun. Und wie ginge das besser als mit Unternehmungen, die neue Horizonte er\u00f6ffnen oder vielleicht banal scheinende Alltagsgegenst\u00e4nde in neue Kontexte stellen? Zum Beispiel Schuhe oder Teppiche? Und falls sich die herbstliche Sonne hinter dem Grau versteckt: Gegen den Herbst-Blues gibt es dieses Wochenende eine Prise Jazz. Mit unseren Tipps sind Sie bestens vorbereitet f\u00fcr eine spannende Antwort auf die mont\u00e4gliche Frage im B\u00fcro: &#8222;Na, was hast du am Wochenende gemacht?&#8220;<\/p>\n","protected":false},"excerpt":{"rendered":"Heute kommen gute Nachrichten: Es ist fast wieder Wochenende! Zeit, um aufzutanken, Inspiration zu sammeln, sich etwas Gutes&hellip;\n","protected":false},"author":2,"featured_media":503750,"comment_status":"","ping_status":"","sticky":false,"template":"","format":"standard","meta":{"footnotes":""},"categories":[1851],"tags":[86,3903,15694,2076,96,2770,3364,29,89,548,663,3934,98,92,30,13,99,95,87,88,91,1310,80,84,90,100,101,93,81,85,82,2264,14,15,2338,97,83,859,860,12,94,861,66261],"class_list":{"0":"post-503749","1":"post","2":"type-post","3":"status-publish","4":"format-standard","5":"has-post-thumbnail","7":"category-chemnitz","8":"tag-artour","9":"tag-ausflug","10":"tag-ausflugsziele","11":"tag-ausstellung","12":"tag-buehne","13":"tag-chemnitz","14":"tag-de","15":"tag-deutschland","16":"tag-erlebnis-musik","17":"tag-eu","18":"tag-europa","19":"tag-europe","20":"tag-feature","21":"tag-film","22":"tag-germany","23":"tag-headlines","24":"tag-hoerspiele","25":"tag-kino","26":"tag-kino-royal","27":"tag-kinoroyal","28":"tag-klassik","29":"tag-konzert","30":"tag-kultur","31":"tag-kulturfernsehen","32":"tag-lebenslaeufe","33":"tag-lesezeit","34":"tag-lesung","35":"tag-literatur","36":"tag-mdr","37":"tag-mdr-figaro","38":"tag-mdr-kultur","39":"tag-museum","40":"tag-nachrichten","41":"tag-news","42":"tag-newsletter","43":"tag-oper","44":"tag-radio","45":"tag-sachsen","46":"tag-sachsen-anhalt","47":"tag-schlagzeilen","48":"tag-theater","49":"tag-thueringen","50":"tag-wohin-am-wochenende"},"share_on_mastodon":{"url":"","error":"Validation failed: Text character limit of 500 exceeded"},"_links":{"self":[{"href":"https:\/\/www.europesays.com\/de\/wp-json\/wp\/v2\/posts\/503749","targetHints":{"allow":["GET"]}}],"collection":[{"href":"https:\/\/www.europesays.com\/de\/wp-json\/wp\/v2\/posts"}],"about":[{"href":"https:\/\/www.europesays.com\/de\/wp-json\/wp\/v2\/types\/post"}],"author":[{"embeddable":true,"href":"https:\/\/www.europesays.com\/de\/wp-json\/wp\/v2\/users\/2"}],"replies":[{"embeddable":true,"href":"https:\/\/www.europesays.com\/de\/wp-json\/wp\/v2\/comments?post=503749"}],"version-history":[{"count":0,"href":"https:\/\/www.europesays.com\/de\/wp-json\/wp\/v2\/posts\/503749\/revisions"}],"wp:featuredmedia":[{"embeddable":true,"href":"https:\/\/www.europesays.com\/de\/wp-json\/wp\/v2\/media\/503750"}],"wp:attachment":[{"href":"https:\/\/www.europesays.com\/de\/wp-json\/wp\/v2\/media?parent=503749"}],"wp:term":[{"taxonomy":"category","embeddable":true,"href":"https:\/\/www.europesays.com\/de\/wp-json\/wp\/v2\/categories?post=503749"},{"taxonomy":"post_tag","embeddable":true,"href":"https:\/\/www.europesays.com\/de\/wp-json\/wp\/v2\/tags?post=503749"}],"curies":[{"name":"wp","href":"https:\/\/api.w.org\/{rel}","templated":true}]}}