{"id":503751,"date":"2025-10-16T17:43:10","date_gmt":"2025-10-16T17:43:10","guid":{"rendered":"https:\/\/www.europesays.com\/de\/503751\/"},"modified":"2025-10-16T17:43:10","modified_gmt":"2025-10-16T17:43:10","slug":"vechelde-graffiti-schmierereien-an-grundschule-entdeckt","status":"publish","type":"post","link":"https:\/\/www.europesays.com\/de\/503751\/","title":{"rendered":"Vechelde: Graffiti-Schmierereien an Grundschule entdeckt"},"content":{"rendered":"<p>Symbolbild. | Foto: Rudolf Karliczek<\/p>\n<p class=\"datum\">16.10.2025, 19:11 Uhr<\/p>\n<p><strong>Vechelde. Unbekannte T\u00e4ter haben in der Albert-Schweitzer-Stra\u00dfe in Vechelde die Containerr\u00e4ume einer Grundschule mit Graffitis bespr\u00fcht. Die Tat ereignete sich zwischen dem 3. Oktober und dem 14. Oktober. Dabei kamen rote und gr\u00fcne Spr\u00fchfarben zum Einsatz, wie <a class=\"redlink\" href=\"https:\/\/regionalheute.de\/blaulicht\/\" rel=\"nofollow noopener\" target=\"_blank\">die Polizei<\/a> in einer Presseinformation mitteilt.<br \/><\/strong><br \/>\n<\/p>\n<p>Neben den Graffitis verschafften sich die T\u00e4ter gewaltsam Zutritt zu den Containern der Schule. Bei diesem Einbruch wurde eine T\u00fcr besch\u00e4digt. Der entstandene Sachschaden wird auf etwa 2.000 Euro gesch\u00e4tzt.<\/p>\n<p>Polizei bittet um Hinweise<\/p>\n<p>Die Polizei Vechelde hat die Ermittlungen aufgenommen und bittet die Bev\u00f6lkerung um Mithilfe. Wer Hinweise zu den T\u00e4tern geben kann, wird gebeten, sich unter der Telefonnummer 05302 930490 zu melden.<\/p>\n","protected":false},"excerpt":{"rendered":"Symbolbild. | Foto: Rudolf Karliczek 16.10.2025, 19:11 Uhr Vechelde. Unbekannte T\u00e4ter haben in der Albert-Schweitzer-Stra\u00dfe in Vechelde die&hellip;\n","protected":false},"author":2,"featured_media":153565,"comment_status":"","ping_status":"","sticky":false,"template":"","format":"standard","meta":{"footnotes":""},"categories":[1850],"tags":[6429,3364,29,548,663,3934,30,13,14,15,1411,12],"class_list":{"0":"post-503751","1":"post","2":"type-post","3":"status-publish","4":"format-standard","5":"has-post-thumbnail","7":"category-braunschweig","8":"tag-braunschweig","9":"tag-de","10":"tag-deutschland","11":"tag-eu","12":"tag-europa","13":"tag-europe","14":"tag-germany","15":"tag-headlines","16":"tag-nachrichten","17":"tag-news","18":"tag-niedersachsen","19":"tag-schlagzeilen"},"share_on_mastodon":{"url":"https:\/\/pubeurope.com\/@de\/115385087446572229","error":""},"_links":{"self":[{"href":"https:\/\/www.europesays.com\/de\/wp-json\/wp\/v2\/posts\/503751","targetHints":{"allow":["GET"]}}],"collection":[{"href":"https:\/\/www.europesays.com\/de\/wp-json\/wp\/v2\/posts"}],"about":[{"href":"https:\/\/www.europesays.com\/de\/wp-json\/wp\/v2\/types\/post"}],"author":[{"embeddable":true,"href":"https:\/\/www.europesays.com\/de\/wp-json\/wp\/v2\/users\/2"}],"replies":[{"embeddable":true,"href":"https:\/\/www.europesays.com\/de\/wp-json\/wp\/v2\/comments?post=503751"}],"version-history":[{"count":0,"href":"https:\/\/www.europesays.com\/de\/wp-json\/wp\/v2\/posts\/503751\/revisions"}],"wp:featuredmedia":[{"embeddable":true,"href":"https:\/\/www.europesays.com\/de\/wp-json\/wp\/v2\/media\/153565"}],"wp:attachment":[{"href":"https:\/\/www.europesays.com\/de\/wp-json\/wp\/v2\/media?parent=503751"}],"wp:term":[{"taxonomy":"category","embeddable":true,"href":"https:\/\/www.europesays.com\/de\/wp-json\/wp\/v2\/categories?post=503751"},{"taxonomy":"post_tag","embeddable":true,"href":"https:\/\/www.europesays.com\/de\/wp-json\/wp\/v2\/tags?post=503751"}],"curies":[{"name":"wp","href":"https:\/\/api.w.org\/{rel}","templated":true}]}}