{"id":503793,"date":"2025-10-16T18:06:25","date_gmt":"2025-10-16T18:06:25","guid":{"rendered":"https:\/\/www.europesays.com\/de\/503793\/"},"modified":"2025-10-16T18:06:25","modified_gmt":"2025-10-16T18:06:25","slug":"bundestag-merz-fordert-staerkeres-europa","status":"publish","type":"post","link":"https:\/\/www.europesays.com\/de\/503793\/","title":{"rendered":"Bundestag &#8211; Merz fordert st\u00e4rkeres Europa"},"content":{"rendered":"<p>                    <img decoding=\"async\" loading=\"lazy\" class=\"internal-image\" title=\"Bundeskanzler Merz steht im Bundestag hinter einem Rednerpult.\" alt=\"Bundeskanzler Merz steht im Bundestag hinter einem Rednerpult.\" src=\"https:\/\/www.europesays.com\/de\/wp-content\/uploads\/2025\/10\/bundeskanzler-merz-bundestag-debatte-haushalt-regulierung-eu-gipfel-regierungserklaerung-100-1920x10.jpeg\" \/><\/p>\n<p>                  Bundeskanzler Merz gibt eine Regierungserkl\u00e4rung zum EU-Gipfel ab. (AP \/ Markus Schreiber)<\/p>\n<p>Er sagte in einer Regierungserkl\u00e4rung im Bundestag, Europa m\u00fcsse seine Macht zum Einsatz bringen, um die Welt zum Besseren zu gestalten. Die Einigung auf den Gaza-Friedensplan habe gezeigt, dass politisches Handeln einen Unterschied mache.<\/p>\n<p>Der Bundeskanzler will beim EU-Gipfel auch auf Fortschritte f\u00fcr eine st\u00e4rkere Wettbewerbsf\u00e4higkeit der Wirtschaft in der Europ\u00e4ischen Union dringen. Dazu seien B\u00fcrokratieabbau, offene M\u00e4rkte und mehr Innovation n\u00f6tig.<\/p>\n<p>Diese Nachricht wurde am 16.10.2025 im Programm Deutschlandfunk gesendet.<\/p>\n","protected":false},"excerpt":{"rendered":"Bundeskanzler Merz gibt eine Regierungserkl\u00e4rung zum EU-Gipfel ab. (AP \/ Markus Schreiber) Er sagte in einer Regierungserkl\u00e4rung im&hellip;\n","protected":false},"author":2,"featured_media":503794,"comment_status":"","ping_status":"","sticky":false,"template":"","format":"standard","meta":{"footnotes":""},"categories":[3933],"tags":[331,332,548,663,158,3934,3935,13,14,15,12],"class_list":{"0":"post-503793","1":"post","2":"type-post","3":"status-publish","4":"format-standard","5":"has-post-thumbnail","7":"category-eu","8":"tag-aktuelle-nachrichten","9":"tag-aktuelle-news","10":"tag-eu","11":"tag-europa","12":"tag-europaeische-union","13":"tag-europe","14":"tag-european-union","15":"tag-headlines","16":"tag-nachrichten","17":"tag-news","18":"tag-schlagzeilen"},"share_on_mastodon":{"url":"","error":""},"_links":{"self":[{"href":"https:\/\/www.europesays.com\/de\/wp-json\/wp\/v2\/posts\/503793","targetHints":{"allow":["GET"]}}],"collection":[{"href":"https:\/\/www.europesays.com\/de\/wp-json\/wp\/v2\/posts"}],"about":[{"href":"https:\/\/www.europesays.com\/de\/wp-json\/wp\/v2\/types\/post"}],"author":[{"embeddable":true,"href":"https:\/\/www.europesays.com\/de\/wp-json\/wp\/v2\/users\/2"}],"replies":[{"embeddable":true,"href":"https:\/\/www.europesays.com\/de\/wp-json\/wp\/v2\/comments?post=503793"}],"version-history":[{"count":0,"href":"https:\/\/www.europesays.com\/de\/wp-json\/wp\/v2\/posts\/503793\/revisions"}],"wp:featuredmedia":[{"embeddable":true,"href":"https:\/\/www.europesays.com\/de\/wp-json\/wp\/v2\/media\/503794"}],"wp:attachment":[{"href":"https:\/\/www.europesays.com\/de\/wp-json\/wp\/v2\/media?parent=503793"}],"wp:term":[{"taxonomy":"category","embeddable":true,"href":"https:\/\/www.europesays.com\/de\/wp-json\/wp\/v2\/categories?post=503793"},{"taxonomy":"post_tag","embeddable":true,"href":"https:\/\/www.europesays.com\/de\/wp-json\/wp\/v2\/tags?post=503793"}],"curies":[{"name":"wp","href":"https:\/\/api.w.org\/{rel}","templated":true}]}}