{"id":503810,"date":"2025-10-16T18:15:13","date_gmt":"2025-10-16T18:15:13","guid":{"rendered":"https:\/\/www.europesays.com\/de\/503810\/"},"modified":"2025-10-16T18:15:13","modified_gmt":"2025-10-16T18:15:13","slug":"unser-neuer-zeppelinwagen-ist-bereit-fuer-rundfahrten","status":"publish","type":"post","link":"https:\/\/www.europesays.com\/de\/503810\/","title":{"rendered":"Unser &#8222;neuer&#8220; Zeppelinwagen ist bereit f\u00fcr Rundfahrten"},"content":{"rendered":"<p>&#13;<br \/>\n                                    &#13;<br \/>\n                                        16.10.2025&#13;<br \/>\n                                    &#13;\n                                <\/p>\n<p>Am 15. Oktober 2025 war es endlich so weit: In Anwesenheit von Oberb\u00fcrgermeister Marcus K\u00f6nig, B\u00fcrgermeister Christian Vogel, des VAG-Vorstands, einer Delegation aus Krakau, weiteren Ehreng\u00e4sten und vielen Projektbeteiligten hat der Verein der Freunde der N\u00fcrnberg-F\u00fcrther Stra\u00dfenbahn e.V. den neu aufgebauten Zeppelinwagen 144 offiziell in Betrieb genommen. Das Besondere: In N\u00fcrnbergs Partnerstadt Krakau gibt es noch einen Zwilling. <\/p>\n<p>                                Ein Herzensprojekt<\/p>\n<p>Die Freunde der N\u00fcrnberg-F\u00fcrther Stra\u00dfenbahn haben mit der Inbetriebnahme ein Projekt abgeschlossen, bei dem sie in fast sechs Jahren zusammen mit dem Krakauer Verkehrsbetrieb MPK aus urspr\u00fcnglich einem Fahrzeug zwei gemacht haben &#8211; einen f\u00fcr N\u00fcrnberg und einen f\u00fcr Krakau. Rund 8.200 ehrenamtliche Arbeitsstunden sind seitens des Vereins in das Projekt geflossen, viele technische H\u00f6hen und Tiefen wurden durchlebt. Aber es ist vollbracht und die beiden Fahrzeuge werden nun f\u00fcr immer ein Symbol f\u00fcr die St\u00e4dtepartnerschaft von N\u00fcrnberg und Krakau sein.<\/p>\n<p>Alle Details zum Projekt, das unter der Schirmherrschaft des N\u00fcrnberger Oberb\u00fcrgermeisters Marcus K\u00f6nig stand und rein aus Spenden finanziert wurde, finden Sie auf den dazugeh\u00f6rigen <a href=\"https:\/\/tw144.sfnbg.de\/index.php\/de\/\" target=\"_blank\" title=\"zu den Projektseiten des Vereins\" rel=\"noreferrer nofollow noopener\">Projektseiten<\/a>.\u00a0<\/p>\n<p>\u00dcbrigens: Einen wunderbaren <a href=\"https:\/\/m.youtube.com\/watch?v=KhhjqAqp5uY\" target=\"_blank\" title=\"zum Youtube-Kanal des Bayerischen Fernsehens\" rel=\"noreferrer nofollow noopener\">Film zum Projekt<\/a> hat das Bayerische Fernsehen gedreht.<\/p>\n<p>Erste \u00f6ffentliche Fahrten am 1. &amp; 2. November<\/p>\n<p>Den ersten gro\u00dfen \u00f6ffentlichen Auftritt wird der N\u00fcrnberger Zeppelinwagen am n\u00e4chsten \u00d6ffnungswochenende des Historischen Stra\u00dfenbahndepots St. Peter am 1. und\u00a02. November 2025 haben. Dann wird er im Depot zu bestaunen sein und zu Rundfahrten aufbrechen.\u00a0<\/p>\n<p><a href=\"https:\/\/www.vag.de\/freizeit-erlebnis\/hist-strassenbahndepot-st-peter\" title=\"zum Historischen Stra\u00dfenbahndepot St. Peter\" rel=\"nofollow noopener\" target=\"_blank\">Alle Informationen gibt es hier.<\/a>\u00a0<\/p>\n","protected":false},"excerpt":{"rendered":"&#13; &#13; 16.10.2025&#13; &#13; Am 15. Oktober 2025 war es endlich so weit: In Anwesenheit von Oberb\u00fcrgermeister Marcus&hellip;\n","protected":false},"author":2,"featured_media":503811,"comment_status":"","ping_status":"","sticky":false,"template":"","format":"standard","meta":{"footnotes":""},"categories":[1837],"tags":[772,3364,29,30,3783],"class_list":{"0":"post-503810","1":"post","2":"type-post","3":"status-publish","4":"format-standard","5":"has-post-thumbnail","7":"category-nuernberg","8":"tag-bayern","9":"tag-de","10":"tag-deutschland","11":"tag-germany","12":"tag-nuernberg"},"share_on_mastodon":{"url":"https:\/\/pubeurope.com\/@de\/115385212992406574","error":""},"_links":{"self":[{"href":"https:\/\/www.europesays.com\/de\/wp-json\/wp\/v2\/posts\/503810","targetHints":{"allow":["GET"]}}],"collection":[{"href":"https:\/\/www.europesays.com\/de\/wp-json\/wp\/v2\/posts"}],"about":[{"href":"https:\/\/www.europesays.com\/de\/wp-json\/wp\/v2\/types\/post"}],"author":[{"embeddable":true,"href":"https:\/\/www.europesays.com\/de\/wp-json\/wp\/v2\/users\/2"}],"replies":[{"embeddable":true,"href":"https:\/\/www.europesays.com\/de\/wp-json\/wp\/v2\/comments?post=503810"}],"version-history":[{"count":0,"href":"https:\/\/www.europesays.com\/de\/wp-json\/wp\/v2\/posts\/503810\/revisions"}],"wp:featuredmedia":[{"embeddable":true,"href":"https:\/\/www.europesays.com\/de\/wp-json\/wp\/v2\/media\/503811"}],"wp:attachment":[{"href":"https:\/\/www.europesays.com\/de\/wp-json\/wp\/v2\/media?parent=503810"}],"wp:term":[{"taxonomy":"category","embeddable":true,"href":"https:\/\/www.europesays.com\/de\/wp-json\/wp\/v2\/categories?post=503810"},{"taxonomy":"post_tag","embeddable":true,"href":"https:\/\/www.europesays.com\/de\/wp-json\/wp\/v2\/tags?post=503810"}],"curies":[{"name":"wp","href":"https:\/\/api.w.org\/{rel}","templated":true}]}}