{"id":503822,"date":"2025-10-16T18:22:11","date_gmt":"2025-10-16T18:22:11","guid":{"rendered":"https:\/\/www.europesays.com\/de\/503822\/"},"modified":"2025-10-16T18:22:11","modified_gmt":"2025-10-16T18:22:11","slug":"niedersachsen-bremen-nachbar-mit-schreckschusswaffe-bedroht","status":"publish","type":"post","link":"https:\/\/www.europesays.com\/de\/503822\/","title":{"rendered":"Niedersachsen &#038; Bremen: Nachbar mit Schreckschusswaffe bedroht"},"content":{"rendered":"<p>                    Niedersachsen &amp; Bremen<br \/>\n                Nachbar mit Schreckschusswaffe bedroht<\/p>\n<p>\t\t\t\t              16.10.2025, 19:07 Uhr<\/p>\n<p><strong>Im Hausflur eskaliert ein Streit: Ein Betrunkener h\u00e4lt seinem Nachbarn eine Waffe an den Kopf. In seiner Wohnung machen Ermittler einen erstaunlichen Fund.<\/strong><\/p>\n<p>Salzgitter (dpa\/lni) &#8211; Ein Mann soll seinen Nachbarn in Salzgitter mit einer Schreckschusswaffe bedroht haben. Der 54-J\u00e4hrige soll seinem Kontrahenten die Waffe an die Schl\u00e4fe gehalten haben, wie die Polizei mitteilte. Der 31-J\u00e4hrige blieb unverletzt.\u00a0<\/p>\n<p>Warum der Streit unter den Nachbarn am Mittwochabend eskalierte, ist unklar. Der 54-J\u00e4hrige war laut Polizei betrunken und bedrohte seinen Nachbar im Hausflur. Die Ermittler fanden in der Wohnung des Angreifers weitere Waffen &#8211; darunter Schwerter, Degen und Messer. Die Polizei beschlagnahmte die Waffen und pr\u00fcft m\u00f6gliche Verst\u00f6\u00dfe gegen das Waffengesetz.<\/p>\n","protected":false},"excerpt":{"rendered":"Niedersachsen &amp; Bremen Nachbar mit Schreckschusswaffe bedroht 16.10.2025, 19:07 Uhr Im Hausflur eskaliert ein Streit: Ein Betrunkener h\u00e4lt&hellip;\n","protected":false},"author":2,"featured_media":503823,"comment_status":"","ping_status":"","sticky":false,"template":"","format":"standard","meta":{"footnotes":""},"categories":[1824],"tags":[2420,3364,29,30,28078,1411,13809],"class_list":{"0":"post-503822","1":"post","2":"type-post","3":"status-publish","4":"format-standard","5":"has-post-thumbnail","7":"category-bremen","8":"tag-bremen","9":"tag-de","10":"tag-deutschland","11":"tag-germany","12":"tag-nachbar","13":"tag-niedersachsen","14":"tag-schreckschusswaffe"},"share_on_mastodon":{"url":"","error":""},"_links":{"self":[{"href":"https:\/\/www.europesays.com\/de\/wp-json\/wp\/v2\/posts\/503822","targetHints":{"allow":["GET"]}}],"collection":[{"href":"https:\/\/www.europesays.com\/de\/wp-json\/wp\/v2\/posts"}],"about":[{"href":"https:\/\/www.europesays.com\/de\/wp-json\/wp\/v2\/types\/post"}],"author":[{"embeddable":true,"href":"https:\/\/www.europesays.com\/de\/wp-json\/wp\/v2\/users\/2"}],"replies":[{"embeddable":true,"href":"https:\/\/www.europesays.com\/de\/wp-json\/wp\/v2\/comments?post=503822"}],"version-history":[{"count":0,"href":"https:\/\/www.europesays.com\/de\/wp-json\/wp\/v2\/posts\/503822\/revisions"}],"wp:featuredmedia":[{"embeddable":true,"href":"https:\/\/www.europesays.com\/de\/wp-json\/wp\/v2\/media\/503823"}],"wp:attachment":[{"href":"https:\/\/www.europesays.com\/de\/wp-json\/wp\/v2\/media?parent=503822"}],"wp:term":[{"taxonomy":"category","embeddable":true,"href":"https:\/\/www.europesays.com\/de\/wp-json\/wp\/v2\/categories?post=503822"},{"taxonomy":"post_tag","embeddable":true,"href":"https:\/\/www.europesays.com\/de\/wp-json\/wp\/v2\/tags?post=503822"}],"curies":[{"name":"wp","href":"https:\/\/api.w.org\/{rel}","templated":true}]}}