{"id":503836,"date":"2025-10-16T18:30:29","date_gmt":"2025-10-16T18:30:29","guid":{"rendered":"https:\/\/www.europesays.com\/de\/503836\/"},"modified":"2025-10-16T18:30:29","modified_gmt":"2025-10-16T18:30:29","slug":"start-des-berufungsverfahrens-nach-club-schlaegerei","status":"publish","type":"post","link":"https:\/\/www.europesays.com\/de\/503836\/","title":{"rendered":"Start des Berufungsverfahrens nach Club-Schl\u00e4gerei"},"content":{"rendered":"<p class=\"text_ohne_einzug richtext text-em-55 !leading-serif mx-6 desktop:mx-0\">  Nach einer handfesten Auseinandersetzung in der Silvesternacht 2022\/2023 im Langenfelder Club \u201eMusik\u201c (hei\u00dft mittlerweile LA Club) m\u00fcssen sich zwei M\u00e4nner aus Langenfeld erneut vor Gericht verantworten. Am 27. Oktober 2025 beginnt vor dem Landgericht D\u00fcsseldorf das Berufungsverfahren gegen einen 31- und einen 34-J\u00e4hrigen. Beide waren im vergangenen Jahr vom Amtsgericht Langenfeld wegen K\u00f6rperverletzung verurteilt worden, haben das Urteil jedoch angefochten.<\/p>\n","protected":false},"excerpt":{"rendered":"Nach einer handfesten Auseinandersetzung in der Silvesternacht 2022\/2023 im Langenfelder Club \u201eMusik\u201c (hei\u00dft mittlerweile LA Club) m\u00fcssen sich&hellip;\n","protected":false},"author":2,"featured_media":503837,"comment_status":"","ping_status":"","sticky":false,"template":"","format":"standard","meta":{"footnotes":""},"categories":[1831],"tags":[1914,1601,125937,2028,20967,56110,5238,125936,3364,29,3405,2690,30,4933,21978,125935,5402,6400,1209,37206],"class_list":{"0":"post-503836","1":"post","2":"type-post","3":"status-publish","4":"format-standard","5":"has-post-thumbnail","7":"category-duesseldorf","8":"tag-1914","9":"tag-amtsgericht","10":"tag-amtsgerichts","11":"tag-auseinandersetzung","12":"tag-berufung","13":"tag-berufungsverfahren","14":"tag-club","15":"tag-clubmitarbeiter","16":"tag-de","17":"tag-deutschland","18":"tag-duesseldorf","19":"tag-gericht","20":"tag-germany","21":"tag-landgericht","22":"tag-langenfeld","23":"tag-langenfelder","24":"tag-maenner","25":"tag-mitarbeiter","26":"tag-nordrhein-westfalen","27":"tag-silvesternacht"},"share_on_mastodon":{"url":"https:\/\/pubeurope.com\/@de\/115385271988812148","error":""},"_links":{"self":[{"href":"https:\/\/www.europesays.com\/de\/wp-json\/wp\/v2\/posts\/503836","targetHints":{"allow":["GET"]}}],"collection":[{"href":"https:\/\/www.europesays.com\/de\/wp-json\/wp\/v2\/posts"}],"about":[{"href":"https:\/\/www.europesays.com\/de\/wp-json\/wp\/v2\/types\/post"}],"author":[{"embeddable":true,"href":"https:\/\/www.europesays.com\/de\/wp-json\/wp\/v2\/users\/2"}],"replies":[{"embeddable":true,"href":"https:\/\/www.europesays.com\/de\/wp-json\/wp\/v2\/comments?post=503836"}],"version-history":[{"count":0,"href":"https:\/\/www.europesays.com\/de\/wp-json\/wp\/v2\/posts\/503836\/revisions"}],"wp:featuredmedia":[{"embeddable":true,"href":"https:\/\/www.europesays.com\/de\/wp-json\/wp\/v2\/media\/503837"}],"wp:attachment":[{"href":"https:\/\/www.europesays.com\/de\/wp-json\/wp\/v2\/media?parent=503836"}],"wp:term":[{"taxonomy":"category","embeddable":true,"href":"https:\/\/www.europesays.com\/de\/wp-json\/wp\/v2\/categories?post=503836"},{"taxonomy":"post_tag","embeddable":true,"href":"https:\/\/www.europesays.com\/de\/wp-json\/wp\/v2\/tags?post=503836"}],"curies":[{"name":"wp","href":"https:\/\/api.w.org\/{rel}","templated":true}]}}