{"id":503850,"date":"2025-10-16T18:37:18","date_gmt":"2025-10-16T18:37:18","guid":{"rendered":"https:\/\/www.europesays.com\/de\/503850\/"},"modified":"2025-10-16T18:37:18","modified_gmt":"2025-10-16T18:37:18","slug":"flixbus-laesst-wiesn-bedienung-in-muenchen-stehen-5","status":"publish","type":"post","link":"https:\/\/www.europesays.com\/de\/503850\/","title":{"rendered":"Flixbus l\u00e4sst Wiesn-Bedienung in M\u00fcnchen stehen"},"content":{"rendered":"<ol class=\"id-DonaldBreadcrumb lp_west_breadcrumb id-DonaldBreadcrumb--default\" data-k5a-pos=\"west_breadcrumb\">\n<li class=\"id-Breadcrumb-item\"><a href=\"https:\/\/www.merkur.de\/\" class=\"id-Breadcrumb-link\" data-id-ec=\"{\" shn=\"\" textlink=\"\" data-k5a-pos=\"1_startseite\" rel=\"nofollow noopener\" target=\"_blank\">Startseite<\/a><\/li>\n<li class=\"id-Breadcrumb-item\"><a href=\"https:\/\/www.merkur.de\/lokales\/\" class=\"id-Breadcrumb-link\" data-id-ec=\"{\" shn=\"\" textlink=\"\" data-k5a-pos=\"2_lokales\" rel=\"nofollow noopener\" target=\"_blank\">Lokales<\/a><\/li>\n<li class=\"id-Breadcrumb-item\"><a href=\"https:\/\/www.merkur.de\/lokales\/muenchen\/\" class=\"id-Breadcrumb-link\" data-id-ec=\"{\" shn=\"\" textlink=\"\" data-k5a-pos=\"3_muenchen\" rel=\"nofollow noopener\" target=\"_blank\">M\u00fcnchen<\/a><\/li>\n<\/ol>\n<p class=\"id-Story-timestamp id-Story-timestamp--default\">Stand: 16.10.2025, 18:03 Uhr<\/p>\n<p class=\"id-Story-authors id-Story-authors--default\">Von: <a class=\"id-Story-authors-link lp_west_author\" href=\"https:\/\/www.merkur.de\/autor\/regina-mittermeier-zdtj3dh0v.html\" title=\"Zur Autorenseite von Regina Mittermeier\" data-id-ec=\"{\" shn=\"\" author-link=\"\" mittermeier=\"\" data-k5a-pos=\"west_author\" rel=\"nofollow noopener\" target=\"_blank\">Regina Mittermeier<\/a><\/p>\n<p class=\"id-Story-interactionBar id-Story-interactionBar--default\">DruckenTeilen<\/p>\n<p><img decoding=\"async\" class=\"id-RatioPlaceholder-element wv_story_el_image\" src=\"https:\/\/www.europesays.com\/de\/wp-content\/uploads\/2025\/10\/40054340-markus-seyboldt-durfte-wegen-zwei-tabletts-am-zob-nicht-in-den-flixbus-einsteigen-15Pd5oAnR.jpeg\" loading=\"eager\" fetchpriority=\"high\"   height=\"792\" width=\"1408\" alt=\"Markus Seyboldt durfte wegen zwei Tabletts am ZOB nicht in den Flixbus einsteigen.\"\/>Markus Seyboldt durfte wegen zwei Tabletts am ZOB nicht in den Flixbus einsteigen. \u00a9\u00a0Privat<\/p>\n<p class=\"id-StoryElement-leadText\">Ein Flixbus lie\u00df Wiesn-Bedienung Markus Seyboldt in M\u00fcnchen am ZOB stehen. Grund daf\u00fcr: seine gro\u00dfen Tabletts. Flixbus verweist auf die Gep\u00e4ckregeln.<\/p>\n<p class=\"id-StoryElement-paragraph\">M\u00fcnchen \u2013 Ausgebremst vom Flixbus-Personal \u2013 und das wegen zwei Tabletts! Als <a href=\"https:\/\/www.tz.de\/muenchen\/wiesn\/\" class=\"id-import-Link id-pageApi-Link--externalDomain\" title=\"Wiesn\" data-id-ec=\"{&quot;sht&quot;:&quot;Container&quot;,&quot;shn&quot;:&quot;Story&quot;,&quot;p&quot;:{&quot;containerType&quot;:&quot;Paragraph&quot;,&quot;displayType&quot;:&quot;Paragraph InlineLink&quot;,&quot;type&quot;:&quot;INLINE_LINK&quot;,&quot;value&quot;:&quot;Wiesn&quot;,&quot;variant&quot;:&quot;standardLink&quot;,&quot;sponsored&quot;:false,&quot;linkHref&quot;:&quot;https:\/\/www.tz.de\/muenchen\/wiesn\/&quot;,&quot;storyElementPosition&quot;:8,&quot;storyElementCount&quot;:22}}\" rel=\"nofollow noopener\" target=\"_blank\">Wiesn<\/a>-Kellner Markus Seyboldt am Montag nach der Wiesn Richtung T\u00fcbingen heimfahren wollte, wurde er k\u00fchl abserviert. \u201eDie Frau, die f\u00fcrs Einchecken in den Bus zust\u00e4ndig war, war extrem unfreundlich\u201c, berichtet der 35-J\u00e4hrige unserer Redaktion.<\/p>\n<p>Wiesn-Kellner: \u201eIch h\u00e4tte gern einen Aufpreis bezahlt\u201c<\/p>\n<p class=\"id-StoryElement-paragraph\">\u201eSie hat gesagt: \u201aSchmei\u00dfen Sie den M\u00fcll weg!\u2018\u201c M\u00fcll? Diese beiden Tabletts sind wichtige Arbeitsuntensilien f\u00fcr Seyboldt, \u201e200 bis 250 Euro wert\u201c. Er habe nur ohne die Tabletts einsteigen d\u00fcrfen. Deswegen nahm er stattdessen die Bahn. <\/p>\n<p class=\"id-StoryElement-paragraph\">W\u00e4hrend der Wiesn bediente er im Ochsenbraterei-Festzelt. Die Flixbus-Hinfahrt nach <a href=\"https:\/\/www.tz.de\/muenchen\/stadt\/\" class=\"id-import-Link id-pageApi-Link--externalDomain\" title=\"M&#xFC;nchen\" data-id-ec=\"{&quot;sht&quot;:&quot;Container&quot;,&quot;shn&quot;:&quot;Story&quot;,&quot;p&quot;:{&quot;containerType&quot;:&quot;Paragraph&quot;,&quot;displayType&quot;:&quot;Paragraph InlineLink&quot;,&quot;type&quot;:&quot;INLINE_LINK&quot;,&quot;value&quot;:&quot;M&#xFC;nchen&quot;,&quot;variant&quot;:&quot;standardLink&quot;,&quot;sponsored&quot;:false,&quot;linkHref&quot;:&quot;https:\/\/www.tz.de\/muenchen\/stadt\/&quot;,&quot;storyElementPosition&quot;:14,&quot;storyElementCount&quot;:22}}\" rel=\"nofollow noopener\" target=\"_blank\">M\u00fcnchen<\/a> sei noch reibungslos verlaufen, erz\u00e4hlt er. \u00dcberhaupt habe es nie Probleme wegen seiner zwei gro\u00dfen Tabletts gegeben. Seyboldt schnallt sie f\u00fcr den Transport mit einem Spanngurt zusammen. \u201eAuf der Fahrt nach M\u00fcnchen durfte ich sie ganz normal im Gep\u00e4ckraum verstauen.\u201c Die Tabletts messen ungef\u00e4hr 1,10 Meter auf 60 Zentimeter.<\/p>\n<p class=\"id-StoryElement-paragraph\">(Unser <a href=\"https:\/\/www.tz.de\/sso\/register?redirect_uri=https%3A%2F%2Faccounts.user.id%2Faccount%2Fnewsletter%2Fsubscribe%2FSKU-00000085&amp;source=mt_newsletter-textlink_web\" class=\"id-import-Link id-pageApi-Link--externalDomain\" data-id-ec=\"{&quot;sht&quot;:&quot;Container&quot;,&quot;shn&quot;:&quot;Story&quot;,&quot;p&quot;:{&quot;containerType&quot;:&quot;Paragraph&quot;,&quot;displayType&quot;:&quot;Paragraph InlineLink&quot;,&quot;type&quot;:&quot;INLINE_LINK&quot;,&quot;value&quot;:&quot;M&#xFC;nchen-Newsletter&quot;,&quot;variant&quot;:&quot;standardLink&quot;,&quot;sponsored&quot;:false,&quot;linkHref&quot;:&quot;https:\/\/www.tz.de\/sso\/register?redirect_uri=https%3A%2F%2Faccounts.user.id%2Faccount%2Fnewsletter%2Fsubscribe%2FSKU-00000085&amp;source=mt_newsletter-textlink_web&quot;,&quot;storyElementPosition&quot;:15,&quot;storyElementCount&quot;:22}}\" rel=\"nofollow noopener\" target=\"_blank\">M\u00fcnchen-Newsletter<\/a> informiert Sie regelm\u00e4\u00dfig \u00fcber alle wichtigen Geschichten aus der Isar-Metropole. Melden Sie sich hier an. Jetzt nach einer kurzen Registrierung bei unserem Medien-Login USER.ID anmelden.)<\/p>\n<p class=\"id-StoryElement-paragraph\">Auf Anfrage unserer Redaktion erkl\u00e4rt eine Flixbus-Sprecherin, dass ein regul\u00e4res Gep\u00e4ckst\u00fcck die Ma\u00dfe 50 mal 30 mal 80 Zentimeter nicht \u00fcberschreiten d\u00fcrfe. F\u00fcr ihren Transport h\u00e4tte der Kellner die Tabletts als Sondergep\u00e4ck buchen m\u00fcssen. Er beteuert: \u201eIch habe gesagt, dass ich f\u00fcr die Tabletts gern einen Aufpreis bezahle.\u201c<\/p>\n<p>Flixbus lehnt eine Erstattung des Bahntickets ab<\/p>\n<p class=\"id-StoryElement-paragraph\">Darauf habe sich die Mitarbeiterin nicht eingelassen. Die Flixbus-Sprecherin erkl\u00e4rt: \u201eDass der Passagier in der Vergangenheit m\u00f6glicherweise mit denselben Gegenst\u00e4nden reisen konnte, mag daran liegen, dass unser Buspersonal das \u00fcbergro\u00dfe Gep\u00e4ck \u00fcbersehen hat.\u201c<\/p>\n<p>Von M\u00fcnchen in die weite Welt: Diese Urlaubs-Destinationen erreicht man mit dem Direktzug<img decoding=\"async\" class=\"id-RatioPlaceholder-element wv_story_el_interstitialImage\" src=\"https:\/\/www.europesays.com\/de\/wp-content\/uploads\/2025\/07\/38800623-railjet-eisenbahn-passagierzug-der-oesterreichischen-bundesbahnen-oebb-auf-der-arlbergbahn-.jpeg\" loading=\"lazy\"   height=\"2667\" width=\"4000\" alt=\"Railjet Eisenbahn Passagierzug der &#xD6;sterreichischen Bundesbahnen &#xD6;BB auf der Arlbergbahn im Herbst in den Alpen in Braz, &#xD6;sterreich\"\/><a href=\"https:\/\/www.tz.de\/muenchen\/stadt\/ab-muenchen-in-die-weite-welt-diese-staedte-erreicht-man-mit-dem-direktzug-93815107.html\" class=\"id-StoryElement-intestitialLink-link\" data-id-ec=\"{\" shn=\"\" ansehen=\"\" data-k5a-pos=\"west_story_20_photoGalleryLink\" title=\"Zur Fotostrecke: Von M&#xFC;nchen in die weite Welt: Diese Urlaubs-Destinationen erreicht man mit dem Direktzug\" rel=\"nofollow noopener\" target=\"_blank\">Fotostrecke ansehen<\/a><\/p>\n<p class=\"id-StoryElement-paragraph\">Seyboldt ist schlie\u00dflich vom Zentralen Omnibusbahnhof (ZOB) in der Arnulfstra\u00dfe per Taxi zum Hauptbahnhof und von dort mit dem Zug heimgefahren. \u201eDas hat mich zusammen 135,20 Euro gekostet.\u201c Flixbus lehnt eine Erstattung des Bahntickets ab. Man habe aber bereits eine R\u00fcckerstattung des ungenutzten Flixbus-Tickets veranlasst, so die Sprecherin. Seyboldt will k\u00fcnftig vorsichtshalber das Auto nehmen.<\/p>\n","protected":false},"excerpt":{"rendered":"Startseite Lokales M\u00fcnchen Stand: 16.10.2025, 18:03 Uhr Von: Regina Mittermeier DruckenTeilen Markus Seyboldt durfte wegen zwei Tabletts am&hellip;\n","protected":false},"author":2,"featured_media":496083,"comment_status":"","ping_status":"","sticky":false,"template":"","format":"standard","meta":{"footnotes":""},"categories":[1827],"tags":[772,29,30,1268],"class_list":{"0":"post-503850","1":"post","2":"type-post","3":"status-publish","4":"format-standard","5":"has-post-thumbnail","7":"category-muenchen","8":"tag-bayern","9":"tag-deutschland","10":"tag-germany","11":"tag-muenchen"},"share_on_mastodon":{"url":"https:\/\/pubeurope.com\/@de\/115385299905937921","error":""},"_links":{"self":[{"href":"https:\/\/www.europesays.com\/de\/wp-json\/wp\/v2\/posts\/503850","targetHints":{"allow":["GET"]}}],"collection":[{"href":"https:\/\/www.europesays.com\/de\/wp-json\/wp\/v2\/posts"}],"about":[{"href":"https:\/\/www.europesays.com\/de\/wp-json\/wp\/v2\/types\/post"}],"author":[{"embeddable":true,"href":"https:\/\/www.europesays.com\/de\/wp-json\/wp\/v2\/users\/2"}],"replies":[{"embeddable":true,"href":"https:\/\/www.europesays.com\/de\/wp-json\/wp\/v2\/comments?post=503850"}],"version-history":[{"count":0,"href":"https:\/\/www.europesays.com\/de\/wp-json\/wp\/v2\/posts\/503850\/revisions"}],"wp:featuredmedia":[{"embeddable":true,"href":"https:\/\/www.europesays.com\/de\/wp-json\/wp\/v2\/media\/496083"}],"wp:attachment":[{"href":"https:\/\/www.europesays.com\/de\/wp-json\/wp\/v2\/media?parent=503850"}],"wp:term":[{"taxonomy":"category","embeddable":true,"href":"https:\/\/www.europesays.com\/de\/wp-json\/wp\/v2\/categories?post=503850"},{"taxonomy":"post_tag","embeddable":true,"href":"https:\/\/www.europesays.com\/de\/wp-json\/wp\/v2\/tags?post=503850"}],"curies":[{"name":"wp","href":"https:\/\/api.w.org\/{rel}","templated":true}]}}