{"id":503851,"date":"2025-10-16T18:38:12","date_gmt":"2025-10-16T18:38:12","guid":{"rendered":"https:\/\/www.europesays.com\/de\/503851\/"},"modified":"2025-10-16T18:38:12","modified_gmt":"2025-10-16T18:38:12","slug":"wie-eine-faust-kovac-reist-mit-bvb-selbstbewusst-nach-muenchen","status":"publish","type":"post","link":"https:\/\/www.europesays.com\/de\/503851\/","title":{"rendered":"\u201eWie eine Faust\u201c \u2013 Kovac reist mit BVB selbstbewusst nach M\u00fcnchen"},"content":{"rendered":"<p class=\"richtext text-em-55 !leading-serif mx-6 desktop:mx-0\">Chance und Gefahr zugleich: Der Bundesliga-Gipfel FC Bayern M\u00fcnchen gegen Borussia Dortmund birgt endlich wieder jede Menge Spannung. F\u00fcr die Liga &#8211; aber auch den wiedererstarkten BVB, der eine fr\u00fche Liga-Dominanz der Super-Bayern unbedingt verhindern will. \u201eWir wissen um die Wichtigkeit des Spiels, aber konzentrieren uns voll auf uns\u201c, sagte der einstige Bayern- und aktuelle BVB-Coach Niko Kovac vor dem Topduell Erster gegen Zweiter am Samstag (18.30 Uhr\/Sky).<\/p>\n","protected":false},"excerpt":{"rendered":"Chance und Gefahr zugleich: Der Bundesliga-Gipfel FC Bayern M\u00fcnchen gegen Borussia Dortmund birgt endlich wieder jede Menge Spannung.&hellip;\n","protected":false},"author":2,"featured_media":503852,"comment_status":"","ping_status":"","sticky":false,"template":"","format":"standard","meta":{"footnotes":""},"categories":[1827],"tags":[772,29,30,1268],"class_list":{"0":"post-503851","1":"post","2":"type-post","3":"status-publish","4":"format-standard","5":"has-post-thumbnail","7":"category-muenchen","8":"tag-bayern","9":"tag-deutschland","10":"tag-germany","11":"tag-muenchen"},"share_on_mastodon":{"url":"https:\/\/pubeurope.com\/@de\/115385303277674761","error":""},"_links":{"self":[{"href":"https:\/\/www.europesays.com\/de\/wp-json\/wp\/v2\/posts\/503851","targetHints":{"allow":["GET"]}}],"collection":[{"href":"https:\/\/www.europesays.com\/de\/wp-json\/wp\/v2\/posts"}],"about":[{"href":"https:\/\/www.europesays.com\/de\/wp-json\/wp\/v2\/types\/post"}],"author":[{"embeddable":true,"href":"https:\/\/www.europesays.com\/de\/wp-json\/wp\/v2\/users\/2"}],"replies":[{"embeddable":true,"href":"https:\/\/www.europesays.com\/de\/wp-json\/wp\/v2\/comments?post=503851"}],"version-history":[{"count":0,"href":"https:\/\/www.europesays.com\/de\/wp-json\/wp\/v2\/posts\/503851\/revisions"}],"wp:featuredmedia":[{"embeddable":true,"href":"https:\/\/www.europesays.com\/de\/wp-json\/wp\/v2\/media\/503852"}],"wp:attachment":[{"href":"https:\/\/www.europesays.com\/de\/wp-json\/wp\/v2\/media?parent=503851"}],"wp:term":[{"taxonomy":"category","embeddable":true,"href":"https:\/\/www.europesays.com\/de\/wp-json\/wp\/v2\/categories?post=503851"},{"taxonomy":"post_tag","embeddable":true,"href":"https:\/\/www.europesays.com\/de\/wp-json\/wp\/v2\/tags?post=503851"}],"curies":[{"name":"wp","href":"https:\/\/api.w.org\/{rel}","templated":true}]}}