{"id":503863,"date":"2025-10-16T18:44:13","date_gmt":"2025-10-16T18:44:13","guid":{"rendered":"https:\/\/www.europesays.com\/de\/503863\/"},"modified":"2025-10-16T18:44:13","modified_gmt":"2025-10-16T18:44:13","slug":"trostfrauen-denkmal-in-berlin-mitte-muss-weg","status":"publish","type":"post","link":"https:\/\/www.europesays.com\/de\/503863\/","title":{"rendered":"\u201eTrostfrauen\u201c-Denkmal in Berlin-Mitte muss weg"},"content":{"rendered":"<p class=\"tspBHk0 tspBHk1\">Das Denkmal der koreanischen \u201eTrostfrauen\u201c in Berlin-Moabit muss beseitigt werden. Das Oberverwaltungsgericht Berlin-Brandenburg (OVG) wies eine Beschwerde des Korea-Verbands gegen eine entsprechende Entscheidung des Verwaltungsgerichts zur\u00fcck.<\/p>\n<p class=\"tspBHk0\">Die Begr\u00fcndung f\u00fcr die Beschwerde erf\u00fclle nicht die gesetzlichen Vorgaben, teilte das OVG mit. Der Verband sei darin nicht ausreichend auf die Erw\u00e4gungen des Verwaltungsgerichts eingegangen (OVG 6 S 109\/25).<\/p>\n<p>Tagesspiegel Checkpoint: Berlins beliebtester Newsletter<\/p>\n<p><img decoding=\"async\" src=\"https:\/\/www.europesays.com\/de\/wp-content\/uploads\/2025\/04\/cp-icon.png\" alt=\"\" class=\"tspBXfv\"\/><\/p>\n<p class=\"tspBXmz\"> Der schnellste Berlin-\u00dcberblick von Montag bis Samstag. <\/p>\n<p class=\"tspBHk0\">Der Korea-Verband und der Bezirk Mitte streiten seit langem um den Platz der Statue, die die Nachbildung einer Skulptur zur Erinnerung an Opfer sexueller Gewalt im Zweiten Weltkrieg ist, die vor der japanischen Botschaft in Seoul steht.<\/p>\n<p> Keine weitere Verl\u00e4ngerung <\/p>\n<p class=\"tspBHk0\">Im Jahr 2020 war eine Genehmigung f\u00fcr ein Jahr erteilt worden und wurde verl\u00e4ngert. Da sich Verband und Bezirk sp\u00e4ter nicht \u00fcber den weiteren Verbleib der Statue einigen konnten, landete der Fall vor Gericht.\u00a0<\/p>\n<p class=\"tspBHk0\">Im April 2025 entschied das Verwaltungsgericht, dass das \u201eTrostfrauen\u201c-Denkmal bis zum 28. September an seinem bisherigen Standort am Unionsplatz bleiben darf. Eine weitere Verl\u00e4ngerung lehnten die Richter am vergangenen Montag dann aber ab. Der gemeinn\u00fctzige Verein habe keinen Anspruch auf eine weitere Duldung der Statue im \u00f6ffentlichen Stra\u00dfenraum glaubhaft gemacht.\u00a0<\/p>\n<p> Bezirk nennt Alternative <\/p>\n<p class=\"tspBHk0\">Das Bezirksamt Mitte fordert die Beseitigung der Statue, hat aber angeboten, dass sie einen neuen Standort in der Unionsstra\u00dfe 8 bekommt \u2013 rund 100 Meter vom bisherigen Standort entfernt und im Umkreis zum Museum der Trostfrauen. Dort k\u00f6nne eine \u00f6ffentlich zug\u00e4ngliche Fl\u00e4che der Mietergenossenschaft Unionplatz Tiergarten genutzt werden. Der Bezirk sicherte Hilfe bei der Umsetzung zu.<\/p>\n<p> Mehr zum Thema <a href=\"https:\/\/www.tagesspiegel.de\/berlin\/verwaltungsgericht-lehnt-duldung-ab-trostfrauen-statue-in-berlin-moabit-muss-entfernt-werden-14563832.html?icid=topic-list_14589920___\" data-gtm-class=\"article-mzt-link\" class=\"tspBRlv\" target=\"_blank\" rel=\"noopener\">Verwaltungsgericht lehnt Duldung ab \u201eTrostfrauen\u201c-Statue in Berlin-Moabit muss entfernt werden  <\/a><a href=\"https:\/\/www.tagesspiegel.de\/berlin\/nach-streit-um-trostfrauen-statue-berliner-bezirksamt-will-bohmisches-denkmal-loswerden-13578850.html?icid=topic-list_14589920___\" data-gtm-class=\"article-mzt-link\" class=\"tspBRlv\" target=\"_blank\" rel=\"noopener\">Nach Streit um Trostfrauen-Statue Berliner Bezirksamt will b\u00f6hmisches Denkmal loswerden <\/a><a href=\"https:\/\/www.tagesspiegel.de\/berlin\/beschluss-des-verwaltungsgerichts-berliner-friedensstatue-darf-vorerst-bleiben-13550875.html?icid=topic-list_14589920___\" data-gtm-class=\"article-mzt-link\" class=\"tspBRlv\" target=\"_blank\" rel=\"noopener\">Beschluss des Verwaltungsgerichts Berliner Friedensstatue darf vorerst bleiben <\/a><\/p>\n<p class=\"tspBHk0\">Der Begriff \u201eTrostfrauen\u201c ist ein Euphemismus f\u00fcr Zehntausende Asiatinnen, die w\u00e4hrend des Pazifikkrieges im Zweiten Weltkrieg in japanischen Frontbordellen von Soldaten der japanischen Armee sexuell missbraucht wurden. Die Statue erinnert an die Opfer. (dpa)<\/p>\n","protected":false},"excerpt":{"rendered":"Das Denkmal der koreanischen \u201eTrostfrauen\u201c in Berlin-Moabit muss beseitigt werden. Das Oberverwaltungsgericht Berlin-Brandenburg (OVG) wies eine Beschwerde des&hellip;\n","protected":false},"author":2,"featured_media":503864,"comment_status":"","ping_status":"","sticky":false,"template":"","format":"standard","meta":{"footnotes":""},"categories":[1825],"tags":[296,29,30,27668,103983],"class_list":{"0":"post-503863","1":"post","2":"type-post","3":"status-publish","4":"format-standard","5":"has-post-thumbnail","7":"category-berlin","8":"tag-berlin","9":"tag-deutschland","10":"tag-germany","11":"tag-kunst-in-berlin","12":"tag-zweiter-weltkrieg-und-kriegsende"},"share_on_mastodon":{"url":"https:\/\/pubeurope.com\/@de\/115385327513499814","error":""},"_links":{"self":[{"href":"https:\/\/www.europesays.com\/de\/wp-json\/wp\/v2\/posts\/503863","targetHints":{"allow":["GET"]}}],"collection":[{"href":"https:\/\/www.europesays.com\/de\/wp-json\/wp\/v2\/posts"}],"about":[{"href":"https:\/\/www.europesays.com\/de\/wp-json\/wp\/v2\/types\/post"}],"author":[{"embeddable":true,"href":"https:\/\/www.europesays.com\/de\/wp-json\/wp\/v2\/users\/2"}],"replies":[{"embeddable":true,"href":"https:\/\/www.europesays.com\/de\/wp-json\/wp\/v2\/comments?post=503863"}],"version-history":[{"count":0,"href":"https:\/\/www.europesays.com\/de\/wp-json\/wp\/v2\/posts\/503863\/revisions"}],"wp:featuredmedia":[{"embeddable":true,"href":"https:\/\/www.europesays.com\/de\/wp-json\/wp\/v2\/media\/503864"}],"wp:attachment":[{"href":"https:\/\/www.europesays.com\/de\/wp-json\/wp\/v2\/media?parent=503863"}],"wp:term":[{"taxonomy":"category","embeddable":true,"href":"https:\/\/www.europesays.com\/de\/wp-json\/wp\/v2\/categories?post=503863"},{"taxonomy":"post_tag","embeddable":true,"href":"https:\/\/www.europesays.com\/de\/wp-json\/wp\/v2\/tags?post=503863"}],"curies":[{"name":"wp","href":"https:\/\/api.w.org\/{rel}","templated":true}]}}