{"id":503881,"date":"2025-10-16T18:54:13","date_gmt":"2025-10-16T18:54:13","guid":{"rendered":"https:\/\/www.europesays.com\/de\/503881\/"},"modified":"2025-10-16T18:54:13","modified_gmt":"2025-10-16T18:54:13","slug":"hsv-star-kracht-gegen-pfosten-sport","status":"publish","type":"post","link":"https:\/\/www.europesays.com\/de\/503881\/","title":{"rendered":"HSV-Star kracht gegen Pfosten! | Sport"},"content":{"rendered":"<p><b>Das hat es richtig laut gescheppert!<\/b><\/p>\n<p>Beim <a href=\"https:\/\/www.bild.de\/sport\/fussball\/hsv-adler-klartext-zum-torwartduell-heuer-fernandes-oder-peretz-68ef7ff706329773ec672e61\" class=\"text-link\" target=\"_blank\" rel=\"noopener\">HSV-Training <\/a>am Donnerstag kam es zu einem heftigen Zwischenfall.<\/p>\n<p>Rechtsverteidiger Giorgi Gocholeishvili (24) kollidierte so hart mit dem Pfosten, dass er auf dem Rasen liegen blieb. Der Georgier, der gerade von der WM-Quali gegen Spanien (0:2) und T\u00fcrkei (1:4) zur\u00fcckgekehrt war, musste minutenlang behandelt werden.<\/p>\n<p>Mehr zum Thema<\/p>\n<p><b>Donezk-Leihgabe Gocholeishvili musste das Training mit einer blutenden Wunde abbrechen, soll \u00fcber Unwohlsein geklagt haben. Zudem k\u00f6nnte auch die Nase etwas abbekommen haben.<\/b><\/p>\n<p>Heftiger Kopf-Crash von HSV-Profi<\/p>\n<p>Dem Nationalspieler wurde ein Verband um die Stirn gewickelt, per Golfcart wurde er f\u00fcr weitere Untersuchungen in die Kabine gefahren. Sein Einsatz am Samstag in Leipzig (15.30 Uhr, Sky) ist somit fraglich, soll sich am Freitag kl\u00e4ren.<\/p>\n<p><b>Trainer Merlin Polzin (34): \u201eNormalerweise ist es ja die Idee, zwei Tage vor dem Spiel die Belastung ein wenig herunterzufahren. Giorgi hat aber im Torschusstraining auf h\u00f6chstem Niveau versucht, einen Treffer zu erzielen. Das ist ihm auch gelungen. Leider ist er da am Pfosten h\u00e4ngen geblieben. Wir hoffen, dass es f\u00fcr das Training morgen kein Problem ist.\u201c<\/b><\/p>\n<p>Nicht nur ihr Mann hat\u2019s drauf!: Real-Spielerfrau zaubert bei Bikini-Kick<a class=\"anchor video-teaser__anchor\" href=\"https:\/\/www.bild.de\/sport\/fussball\/spielerfrau-von-real-madrid-zaubert-im-bikini-am-strand-68ef9b450dc4b85759d385b2\" target=\"_blank\" rel=\"noopener\"><img decoding=\"async\" width=\"992\" height=\"558\" alt=\"Spielerfrau von Real Madrid zaubert im Bikini am Strand\" src=\"https:\/\/www.europesays.com\/de\/wp-content\/uploads\/2025\/10\/d7c885d5e0564d198e5ad78e8cf863e9,e35ca2a8\"   class=\"landscape teaser__image\" loading=\"lazy\"\/><\/a><\/p>\n<p>Quelle: BILD 16.10.2025<\/p>\n<p><b>Ob Ex-Leipzig-St\u00fcrmer Yussuf Poulsen (31) sein sportliches Wiedersehen auf dem Rasen der RB-Arena feiern wird, wollte Polzin nicht voraussagen.<\/b><\/p>\n<p>Der Trainer: \u201eWir sind sehr vorsichtig bei ihm und wollen aber seine Qualit\u00e4ten bestm\u00f6glich nutzen\u201c. Poulsen hat seit dem 2. Spieltag aufgrund von Oberschenkel-Problemen keine Minute mehr f\u00fcr den HSV gespielt. Beim 4:0 gegen Mainz (5.10.) sa\u00df er immerhin schon auf der Ersatzbank.<\/p>\n<p><b>Polzin weiter: \u201eEs h\u00e4ngt aber vom Spielverlauf ab, oder welche taktischen Ideen wir haben. Ich kann nicht sagen, wie viele Minuten er zur Verf\u00fcgung steht. Ich wei\u00df, dass er brennt. Das erwarte ich von ihm. Es ist gut zu wissen, dass jemand hinter einem (w\u00e4hrend des Spiels, d.\u00a0Red.) sitzt, der unruhig ist und der Mannschaft helfen will.\u201c<\/b><\/p>\n","protected":false},"excerpt":{"rendered":"Das hat es richtig laut gescheppert! Beim HSV-Training am Donnerstag kam es zu einem heftigen Zwischenfall. Rechtsverteidiger Giorgi&hellip;\n","protected":false},"author":2,"featured_media":503882,"comment_status":"","ping_status":"","sticky":false,"template":"","format":"standard","meta":{"footnotes":""},"categories":[136],"tags":[29,538,30,123176,3150,10166,10783,1655,265,542,45,1261],"class_list":{"0":"post-503881","1":"post","2":"type-post","3":"status-publish","4":"format-standard","5":"has-post-thumbnail","7":"category-sport","8":"tag-deutschland","9":"tag-erste-bundesliga","10":"tag-germany","11":"tag-gocholeishvili-giorgi","12":"tag-hamburger-sv","13":"tag-polzin-merlin","14":"tag-poulsen-yussuf","15":"tag-rb-leipzig","16":"tag-sport","17":"tag-sport-leuchtturm-hamburg","18":"tag-texttospeech","19":"tag-toralarm-top-news"},"share_on_mastodon":{"url":"https:\/\/pubeurope.com\/@de\/115385367167037610","error":""},"_links":{"self":[{"href":"https:\/\/www.europesays.com\/de\/wp-json\/wp\/v2\/posts\/503881","targetHints":{"allow":["GET"]}}],"collection":[{"href":"https:\/\/www.europesays.com\/de\/wp-json\/wp\/v2\/posts"}],"about":[{"href":"https:\/\/www.europesays.com\/de\/wp-json\/wp\/v2\/types\/post"}],"author":[{"embeddable":true,"href":"https:\/\/www.europesays.com\/de\/wp-json\/wp\/v2\/users\/2"}],"replies":[{"embeddable":true,"href":"https:\/\/www.europesays.com\/de\/wp-json\/wp\/v2\/comments?post=503881"}],"version-history":[{"count":0,"href":"https:\/\/www.europesays.com\/de\/wp-json\/wp\/v2\/posts\/503881\/revisions"}],"wp:featuredmedia":[{"embeddable":true,"href":"https:\/\/www.europesays.com\/de\/wp-json\/wp\/v2\/media\/503882"}],"wp:attachment":[{"href":"https:\/\/www.europesays.com\/de\/wp-json\/wp\/v2\/media?parent=503881"}],"wp:term":[{"taxonomy":"category","embeddable":true,"href":"https:\/\/www.europesays.com\/de\/wp-json\/wp\/v2\/categories?post=503881"},{"taxonomy":"post_tag","embeddable":true,"href":"https:\/\/www.europesays.com\/de\/wp-json\/wp\/v2\/tags?post=503881"}],"curies":[{"name":"wp","href":"https:\/\/api.w.org\/{rel}","templated":true}]}}