{"id":503883,"date":"2025-10-16T18:55:15","date_gmt":"2025-10-16T18:55:15","guid":{"rendered":"https:\/\/www.europesays.com\/de\/503883\/"},"modified":"2025-10-16T18:55:15","modified_gmt":"2025-10-16T18:55:15","slug":"youtube-star-taddl-baby-news-bei-abgetauchtem-youtube-star-unterhaltung","status":"publish","type":"post","link":"https:\/\/www.europesays.com\/de\/503883\/","title":{"rendered":"YouTube-Star Taddl: Baby-News bei abgetauchtem YouTube-Star | Unterhaltung"},"content":{"rendered":"<p>Madeira \u2013<b> Ein deutsches YouTube-Urgestein hat allen Grund zur Freude. Taddl, der in den 2010er-Jahren ein Millionenpublikum auf der Videoplattform mit Gaming- und Unterhaltungsvideos begeisterte, wird zum zweiten Mal Vater. Das schrieb seine Frau, die \u00f6ffentlich nur unter dem Namen Chello (31) bekannt ist, auf Instagram.<\/b><\/p>\n<p>Chello ist im vierten Monat schwanger. Somit darf sich die junge Familie Anfang 2026 auf neuen Nachwuchs freuen.<\/p>\n<p><img decoding=\"async\" width=\"992\" height=\"905\" alt=\"Diese Ultraschallbilder teilte Chello (31) am 14. Oktober auf Instagram\" src=\"https:\/\/www.europesays.com\/de\/wp-content\/uploads\/2025\/10\/320b520a91cca2fb540769a0f62f64ef,fe547a9f\"   class=\"dynamic\" loading=\"lazy\"\/><\/p>\n<p class=\"fig__caption__text\">Diese Ultraschallbilder lassen keinen Zweifel \u00fcbrig: Familie Tjarks darf sich \u00fcber Nachwuchs freuen!<\/p>\n<p>Foto: venusteeth\/Instagram<\/p>\n<p>Ein unr\u00fchmlicher Abschied<\/p>\n<p>Im Sommer 2024 <a href=\"https:\/\/www.bild.de\/unterhaltung\/bildgg\/youtube-star-daniel-taddl-tjarks-sexting-jetzt-offenbart-er-sein-wahres-gesicht-6694f3d64c0a7158c79bf04e\" class=\"text-link\" target=\"_blank\" rel=\"noopener\">verabschiedete sich Taddl<\/a> mit einem aufsehenerregenden Video, in dem er seine negativen Eigenschaften teilte. So bezeichnete er sich selbst als \u201enotorischen L\u00fcgner\u201c und einen \u201eHochstapler\u201c. Er habe nicht nur seine Fans, sondern auch sein n\u00e4heres Umfeld immer wieder belogen und manipulative Verhaltensmuster an den Tag gelegt.<\/p>\n<p><img decoding=\"async\" width=\"992\" height=\"779\" alt=\"Taddl startete mit Videos \u00fcber skurrile Fakten seine YouTube-Karriere. Den ersten Auftritt als Rapper feierte er im Jahr 2013\" src=\"https:\/\/www.europesays.com\/de\/wp-content\/uploads\/2025\/10\/dfc9145cef1b46da2ff9ada1cf2f73df,88e7a5f3\"   class=\"dynamic\" loading=\"lazy\"\/><\/p>\n<p class=\"fig__caption__text\">Taddl startete mit Videos \u00fcber skurrile Fakten seine YouTube-Karriere. Den ersten Auftritt als Rapper feierte er im Jahr 2013<\/p>\n<p>Foto: TJ_bb\/YouTube<\/p>\n<p>Das Video ist mittlerweile nicht mehr \u00f6ffentlich aufrufbar \u2013 genau wie seine anderen Werke auf YouTube. Seitdem ist es ruhig um Daniel Tjarks, wie der Internet-Star b\u00fcrgerlich hei\u00dft, geworden. Seine Pr\u00e4senz im Netz hat er gr\u00f6\u00dftenteils gel\u00f6scht. Lediglich im Fr\u00fchjahr 2025 tauchte er noch einmal unter seinem Musiker-Pseudonym Beastboy in einem <a href=\"https:\/\/www.bild.de\/unterhaltung\/bildgg\/taddls-spektakulaere-rueckkehr-rap-battle-gegen-davie-jones-67b46617a918eb195a71edd7\" class=\"text-link\" target=\"_blank\" rel=\"noopener\">Rap-Battle<\/a> auf. <\/p>\n<p>Das Liebesgl\u00fcck begann im Tattoo-Studio<\/p>\n<p>Sein privates Gl\u00fcck fand Taddl 2021, als er bei einem <a href=\"https:\/\/www.bild.de\/themen\/specials\/tattoo\/nachrichten-news-fotos-videos-02-42454616.bild.html\" class=\"text-link\" target=\"_blank\" rel=\"noopener\">Tattoo<\/a>-Termin seine k\u00fcnftige Frau Chello kennenlernte. Eigentlich sollte sie ihn nur t\u00e4towieren \u2013\u00a0doch das Treffen ging beiden im wahrsten Sinne des Wortes unter die Haut. Im Juli 2022 gaben sie sich das Ja-Wort. Drei Monate sp\u00e4ter kr\u00f6nten sie ihr Gl\u00fcck, als ihre gemeinsame Tochter das Licht der Welt erblickte.<\/p>\n<p> An dieser Stelle findest du Inhalte aus Instagram <\/p>\n<p> Um mit Inhalten aus Instagram und anderen sozialen Netzwerken zu interagieren oder diese darzustellen, brauchen wir deine Zustimmung. <\/p>\n<p> soziale Netzwerke aktivieren  Um eingebettete Inhalte anzuzeigen, ist Ihre jederzeit widerrufliche Einwilligung (\u00fcber den Schalter oder \u00fcber &#8220; <a class=\"embed-placeholder__text-link\" href=\"#\" rel=\"noopener noreferrer\" title=\"Tracking widerrufen\"> Widerruf Tracking und Cookies<\/a> &#8220; am Seitenende) zur Verarbeitung personenbezogener Daten n\u00f6tig.  Dabei k\u00f6nnen Daten in Drittl\u00e4nder wie die USA \u00fcbermittelt werden (Art. 49 Abs. 1 lit. a DSGVO). Mit dem Aktivieren des Inhalts stimmen Sie zu. Weitere Infos finden Sie <a class=\"embed-placeholder__text-link\" href=\"#\" rel=\"noopener noreferrer\" title=\"Zu den Privatsph\u00e4re Einstellungen\"> hier<\/a>. <\/p>\n<p>In einem <a href=\"https:\/\/www.youtube.com\/watch?v=RbQ5X7q27JY\" target=\"_blank\" rel=\"noopener\" class=\"text-link--external text-link\">Podcast<\/a> sagte Chello k\u00fcrzlich \u00fcber das gemeinsame Kind mit Taddl: \u201eMeine Tochter wird jetzt drei und ist absolut im Kleinkind-Modus. Sie testet ihre Grenzen jeden Tag aufs Neue. Es ist sehr anstrengend. Es ist nat\u00fcrlich mega sch\u00f6n, weil ich freue mich auch immer, dass ich ein kleines, dickk\u00f6pfiges, meinungsstarkes Kind habe, was auch einfach so sein darf.\u201c<\/p>\n<p><b>Bald kommt also Kind Nummer zwei \u2013 und somit eine neue, sch\u00f6ne Herausforderung auf das junge Ehepaar zu.<\/b><\/p>\n<p><img decoding=\"async\" width=\"992\" height=\"1178\" alt=\"Oktober 2022:\" src=\"https:\/\/www.europesays.com\/de\/wp-content\/uploads\/2025\/10\/e5665205f70f40c1dfb77001c1d21bd2,dada236a\"   class=\"portrait\" loading=\"lazy\"\/><\/p>\n<p class=\"fig__caption__text\">Oktober 2022: Eines der ersten gemeinsamen Fotos zu dritt. Ab dem Fr\u00fchjahr 2026 geht die junge Familie zu viert durchs Leben<\/p>\n<p>Foto: tj_beastboy_taddl\/Instagram<\/p>\n","protected":false},"excerpt":{"rendered":"Madeira \u2013 Ein deutsches YouTube-Urgestein hat allen Grund zur Freude. Taddl, der in den 2010er-Jahren ein Millionenpublikum auf&hellip;\n","protected":false},"author":2,"featured_media":503884,"comment_status":"","ping_status":"","sticky":false,"template":"","format":"standard","meta":{"footnotes":""},"categories":[155],"tags":[29,214,30,153,152,45,1504,215,1506,1507],"class_list":{"0":"post-503883","1":"post","2":"type-post","3":"status-publish","4":"format-standard","5":"has-post-thumbnail","7":"category-unterhaltung","8":"tag-deutschland","9":"tag-entertainment","10":"tag-germany","11":"tag-influencer","12":"tag-instagram","13":"tag-texttospeech","14":"tag-twitch","15":"tag-unterhaltung","16":"tag-youtube","17":"tag-youtuber"},"share_on_mastodon":{"url":"https:\/\/pubeurope.com\/@de\/115385371030871358","error":""},"_links":{"self":[{"href":"https:\/\/www.europesays.com\/de\/wp-json\/wp\/v2\/posts\/503883","targetHints":{"allow":["GET"]}}],"collection":[{"href":"https:\/\/www.europesays.com\/de\/wp-json\/wp\/v2\/posts"}],"about":[{"href":"https:\/\/www.europesays.com\/de\/wp-json\/wp\/v2\/types\/post"}],"author":[{"embeddable":true,"href":"https:\/\/www.europesays.com\/de\/wp-json\/wp\/v2\/users\/2"}],"replies":[{"embeddable":true,"href":"https:\/\/www.europesays.com\/de\/wp-json\/wp\/v2\/comments?post=503883"}],"version-history":[{"count":0,"href":"https:\/\/www.europesays.com\/de\/wp-json\/wp\/v2\/posts\/503883\/revisions"}],"wp:featuredmedia":[{"embeddable":true,"href":"https:\/\/www.europesays.com\/de\/wp-json\/wp\/v2\/media\/503884"}],"wp:attachment":[{"href":"https:\/\/www.europesays.com\/de\/wp-json\/wp\/v2\/media?parent=503883"}],"wp:term":[{"taxonomy":"category","embeddable":true,"href":"https:\/\/www.europesays.com\/de\/wp-json\/wp\/v2\/categories?post=503883"},{"taxonomy":"post_tag","embeddable":true,"href":"https:\/\/www.europesays.com\/de\/wp-json\/wp\/v2\/tags?post=503883"}],"curies":[{"name":"wp","href":"https:\/\/api.w.org\/{rel}","templated":true}]}}