{"id":503887,"date":"2025-10-16T18:57:20","date_gmt":"2025-10-16T18:57:20","guid":{"rendered":"https:\/\/www.europesays.com\/de\/503887\/"},"modified":"2025-10-16T18:57:20","modified_gmt":"2025-10-16T18:57:20","slug":"dickes-minus-dresdner-tech-firma-insolvent","status":"publish","type":"post","link":"https:\/\/www.europesays.com\/de\/503887\/","title":{"rendered":"Dickes Minus: Dresdner Tech-Firma insolvent"},"content":{"rendered":"<p>Dresden &#8211; <b>Vor wenigen Tagen hat der <\/b><a href=\"https:\/\/www.tag24.de\/dresden\/lokales\" target=\"_blank\" rel=\"noopener\">Dresdner<\/a><b> Schaltkreishersteller DMOS Insolvenz angemeldet.<\/b><\/p>\n<p>            <img loading=\"lazy\" decoding=\"async\" class=\"article__img\" alt=\"Die Firma DMOS hat ihren Sitz in der N\u00e4he des Hauptbahnhofs.\" width=\"951\" height=\"634\" src=\"https:\/\/www.europesays.com\/de\/wp-content\/uploads\/2025\/10\/qde6393tre0368uylipcu4jwbpdz8xgx.jpg\"  \/><\/p>\n<p>            Die Firma DMOS hat ihren Sitz in der N\u00e4he des Hauptbahnhofs.\u00a0\u00a0\u00a9\u00a0Stefan H\u00e4\u00dfler<\/p>\n<p>Die Firma sitzt an der Bergstra\u00dfe, nahe dem Hauptbahnhof, und geh\u00f6rt zum Dortmunder Halbleiterkonzern Elmos. Seit drei Jahren schreibt DMOS rote Zahlen.<\/p>\n<p>2024 lag das Minus bei rund 483.000 Euro, im Jahr davor sogar bei \u00fcber 700.000 Euro.<\/p>\n<p>Langfristig sei so die Finanzierung des Betriebs nicht gew\u00e4hrleistet, berichtet &#8222;S\u00e4chsische.de&#8220;.<\/p>\n<p>                             <a data-aid=\"3426280\" data-atype=\"news\" data-aplacement=\"inread-article\" data-aplacementid=\"3429442\" href=\"https:\/\/www.tag24.de\/dresden\/dresden-wirtschaft\/insolvenz-bei-varialux-traditionsunternehmen-steht-vor-sanierung-3426280\" target=\"_blank\" rel=\"noopener\"><img loading=\"lazy\" decoding=\"async\" width=\"85\" height=\"57\" alt=\"S\u00e4chsische Traditionsfirma insolvent: &quot;VARIALUX&quot; rutschte ab 2022 in die Krise\" src=\"https:\/\/www.europesays.com\/de\/wp-content\/uploads\/2025\/10\/agnkai1cqelysq7h681aw9iuzemyr6v8.jpg\"\/><\/a><\/p>\n<p>            Dresden Wirtschaft<br \/>\n                            <a class=\"inread-article__headline\" data-aid=\"3426280\" data-atype=\"news\" data-aplacement=\"inread-article\" data-aplacementid=\"3429442\" href=\"https:\/\/www.tag24.de\/dresden\/dresden-wirtschaft\/insolvenz-bei-varialux-traditionsunternehmen-steht-vor-sanierung-3426280\" target=\"_blank\" rel=\"noopener\">S\u00e4chsische Traditionsfirma insolvent: &#8222;VARIALUX&#8220; rutschte ab 2022 in die Krise<\/a><\/p>\n<p>Als vorl\u00e4ufiger Insolvenzverwalter wurde die Kanzlei Franz-Ludwig Danko eingesetzt. Die L\u00f6hne und Geh\u00e4lter der 85 Besch\u00e4ftigten &#8211; Entwickler und Ingenieure &#8211; sind \u00fcber die Arbeitsagentur f\u00fcr die n\u00e4chsten drei Monate abgesichert.<\/p>\n<p><b>Ganz verloren ist die Hoffnung nicht: Mutterkonzern Elmos signalisierte, an der Zusammenarbeit mit seiner 23 Jahre alten Dresdner Tochter festhalten zu wollen. Sollte die Finanzierung stehen, k\u00f6nnte der Betrieb auch unter Insolvenzbedingungen weiterlaufen. <\/b><\/p>\n","protected":false},"excerpt":{"rendered":"Dresden &#8211; Vor wenigen Tagen hat der Dresdner Schaltkreishersteller DMOS Insolvenz angemeldet. Die Firma DMOS hat ihren Sitz&hellip;\n","protected":false},"author":2,"featured_media":503888,"comment_status":"","ping_status":"","sticky":false,"template":"","format":"standard","meta":{"footnotes":""},"categories":[134],"tags":[175,170,169,29,30,171,174,173,172],"class_list":{"0":"post-503887","1":"post","2":"type-post","3":"status-publish","4":"format-standard","5":"has-post-thumbnail","7":"category-unternehmen-maerkte","8":"tag-business","9":"tag-companies","10":"tag-companies-markets","11":"tag-deutschland","12":"tag-germany","13":"tag-markets","14":"tag-maerkte","15":"tag-unternehmen","16":"tag-unternehmen-maerkte"},"share_on_mastodon":{"url":"https:\/\/pubeurope.com\/@de\/115385378918585432","error":""},"_links":{"self":[{"href":"https:\/\/www.europesays.com\/de\/wp-json\/wp\/v2\/posts\/503887","targetHints":{"allow":["GET"]}}],"collection":[{"href":"https:\/\/www.europesays.com\/de\/wp-json\/wp\/v2\/posts"}],"about":[{"href":"https:\/\/www.europesays.com\/de\/wp-json\/wp\/v2\/types\/post"}],"author":[{"embeddable":true,"href":"https:\/\/www.europesays.com\/de\/wp-json\/wp\/v2\/users\/2"}],"replies":[{"embeddable":true,"href":"https:\/\/www.europesays.com\/de\/wp-json\/wp\/v2\/comments?post=503887"}],"version-history":[{"count":0,"href":"https:\/\/www.europesays.com\/de\/wp-json\/wp\/v2\/posts\/503887\/revisions"}],"wp:featuredmedia":[{"embeddable":true,"href":"https:\/\/www.europesays.com\/de\/wp-json\/wp\/v2\/media\/503888"}],"wp:attachment":[{"href":"https:\/\/www.europesays.com\/de\/wp-json\/wp\/v2\/media?parent=503887"}],"wp:term":[{"taxonomy":"category","embeddable":true,"href":"https:\/\/www.europesays.com\/de\/wp-json\/wp\/v2\/categories?post=503887"},{"taxonomy":"post_tag","embeddable":true,"href":"https:\/\/www.europesays.com\/de\/wp-json\/wp\/v2\/tags?post=503887"}],"curies":[{"name":"wp","href":"https:\/\/api.w.org\/{rel}","templated":true}]}}