{"id":50389,"date":"2025-04-21T20:37:10","date_gmt":"2025-04-21T20:37:10","guid":{"rendered":"https:\/\/www.europesays.com\/de\/50389\/"},"modified":"2025-04-21T20:37:10","modified_gmt":"2025-04-21T20:37:10","slug":"sir-walter-am-ostersonntag-20-april-schoener-die-hasen-nie-hoppeln","status":"publish","type":"post","link":"https:\/\/www.europesays.com\/de\/50389\/","title":{"rendered":"Sir Walter am Ostersonntag, 20. April \u2013 Sch\u00f6ner die Hasen nie hoppeln!"},"content":{"rendered":"<p>Wer nach dem Sektfr\u00fchst\u00fcck zum Osterbrunch noch geradeaus denken konnte, war an diesem Sonntag im Sir Walter gut aufgehoben: Herrliche Cocktails, coole Beats und gem\u00fctliche Gespr\u00e4che wurden zum perfekten Absacker f\u00fcr herzensgute <a href=\"https:\/\/www.tonight.de\/duesseldorf\" data-internallinksmanager029f6b8e52c=\"44\" title=\"D\u00fcsseldorf News\" target=\"_blank\" rel=\"noopener\">D\u00fcsseldorfer<\/a> Osterhasis. Wir zeigen ihre sch\u00f6nsten Seiten.<\/p>\n<p>Ihr seid mit einem Foto nicht zufrieden? Schreibt uns einfach eine Mail an <a href=\"https:\/\/www.tonight.de\/fotogalerie\/mailto:tonightnews@rp-digital.de\" target=\"_blank\" rel=\"noopener\">tonightnews@rp-digital.de<\/a> \u2013 wir k\u00fcmmern uns darum!<\/p>\n","protected":false},"excerpt":{"rendered":"Wer nach dem Sektfr\u00fchst\u00fcck zum Osterbrunch noch geradeaus denken konnte, war an diesem Sonntag im Sir Walter gut&hellip;\n","protected":false},"author":2,"featured_media":50390,"comment_status":"","ping_status":"","sticky":false,"template":"","format":"standard","meta":{"footnotes":""},"categories":[1831],"tags":[10189,3364,29,3405,30,1209],"class_list":{"0":"post-50389","1":"post","2":"type-post","3":"status-publish","4":"format-standard","5":"has-post-thumbnail","7":"category-duesseldorf","8":"tag-adv_default","9":"tag-de","10":"tag-deutschland","11":"tag-duesseldorf","12":"tag-germany","13":"tag-nordrhein-westfalen"},"share_on_mastodon":{"url":"https:\/\/pubeurope.com\/@de\/114377879970777169","error":""},"_links":{"self":[{"href":"https:\/\/www.europesays.com\/de\/wp-json\/wp\/v2\/posts\/50389","targetHints":{"allow":["GET"]}}],"collection":[{"href":"https:\/\/www.europesays.com\/de\/wp-json\/wp\/v2\/posts"}],"about":[{"href":"https:\/\/www.europesays.com\/de\/wp-json\/wp\/v2\/types\/post"}],"author":[{"embeddable":true,"href":"https:\/\/www.europesays.com\/de\/wp-json\/wp\/v2\/users\/2"}],"replies":[{"embeddable":true,"href":"https:\/\/www.europesays.com\/de\/wp-json\/wp\/v2\/comments?post=50389"}],"version-history":[{"count":0,"href":"https:\/\/www.europesays.com\/de\/wp-json\/wp\/v2\/posts\/50389\/revisions"}],"wp:featuredmedia":[{"embeddable":true,"href":"https:\/\/www.europesays.com\/de\/wp-json\/wp\/v2\/media\/50390"}],"wp:attachment":[{"href":"https:\/\/www.europesays.com\/de\/wp-json\/wp\/v2\/media?parent=50389"}],"wp:term":[{"taxonomy":"category","embeddable":true,"href":"https:\/\/www.europesays.com\/de\/wp-json\/wp\/v2\/categories?post=50389"},{"taxonomy":"post_tag","embeddable":true,"href":"https:\/\/www.europesays.com\/de\/wp-json\/wp\/v2\/tags?post=50389"}],"curies":[{"name":"wp","href":"https:\/\/api.w.org\/{rel}","templated":true}]}}