{"id":503891,"date":"2025-10-16T18:59:14","date_gmt":"2025-10-16T18:59:14","guid":{"rendered":"https:\/\/www.europesays.com\/de\/503891\/"},"modified":"2025-10-16T18:59:14","modified_gmt":"2025-10-16T18:59:14","slug":"eu-stellt-fahrplan-fuer-verteidigungsprojekte-vor","status":"publish","type":"post","link":"https:\/\/www.europesays.com\/de\/503891\/","title":{"rendered":"EU stellt Fahrplan f\u00fcr Verteidigungsprojekte vor"},"content":{"rendered":"<p>            <img loading=\"lazy\" decoding=\"async\" class=\"ts-image\" src=\"https:\/\/www.europesays.com\/de\/wp-content\/uploads\/2025\/10\/kallas-150.jpg\" alt=\"Kallas auf einer Pressekonferenz in Br\u00fcssel\" title=\"Kallas auf einer Pressekonferenz in Br\u00fcssel | EPA\"\/><\/p>\n<p class=\"metatextline\">Stand: 16.10.2025 18:05 Uhr<\/p>\n<p class=\"textabsatz columns twelve  m-ten  m-offset-one l-eight l-offset-two\">\n        <strong>Alles &#8222;in enger Zusammenarbeit mit der NATO&#8220; &#8211; die EU-Au\u00dfenbeauftragte versucht, Kritiker zu bes\u00e4nftigen. In Br\u00fcssel stellte Kallas einen Fahrplan f\u00fcr EU-Aufr\u00fcstungsprojekte vor, von denen vor allem eines strittig ist.<\/strong>\n    <\/p>\n<p>                                        <a class=\"authorline__link\" href=\"https:\/\/www.tagesschau.de\/korrespondenten\/helga-schmidt-101.html\" target=\"_blank\" rel=\"noopener\"><br \/>\n                                            <img decoding=\"async\" class=\"authorline__img\" alt=\"Helga Schmidt\" src=\"https:\/\/www.europesays.com\/de\/wp-content\/uploads\/2025\/10\/schmidt-328.jpg\"\/><br \/>\n                                        <\/a><\/p>\n<p class=\"textabsatz m-ten m-offset-one l-eight l-offset-two columns twelve\">Schon vor der Ver\u00f6ffentlichung der Verteidigungspl\u00e4ne <a href=\"https:\/\/www.tagesschau.de\/ausland\/europa\/fahrplan-europaeische-verteidigungsfaehigkeit-100.html\" title=\"Von der Leyen pr\u00e4sentiert Fahrplan f\u00fcr europ\u00e4ische Verteidigungsstrategie\" target=\"_blank\" rel=\"noopener\">hatte es Kritik<\/a> gehagelt. Schon wieder neue Vorschriften aus Br\u00fcssel, war aus einigen Mitgliedsl\u00e4ndern zu h\u00f6ren &#8211; aus Schweden zum Beispiel. Es ist das Standardargument konservativer Kr\u00e4fte. Andere warnten vor Doppelstrukturen &#8211; \u00dcberschneidungen mit der NATO, weil die meisten EU-L\u00e4nder auch Mitglied der NATO sind.<\/p>\n<p class=\"textabsatz m-ten m-offset-one l-eight l-offset-two columns twelve\">Die Kritiker hatte die EU-Au\u00dfenbeauftragte Kaja Kallas offensichtlich genau geh\u00f6rt und gelesen. Immer wieder versuchte sie, ihnen den Wind aus den Segeln zu nehmen. Alle Verteidigungsprojekte w\u00fcrden &#8222;in enger Zusammenarbeit mit der NATO&#8220; unternommen, sagt sie auf einer Pressekonferenz in Br\u00fcssel.<\/p>\n<p>    Anti-Drohnen-System bis 2027 f\u00fcr alle EU-L\u00e4nder<\/p>\n<p class=\"textabsatz m-ten m-offset-one l-eight l-offset-two columns twelve\">Das gilt besonders f\u00fcr die Drohnen-Abwehr. Dass die EU-Kommission eine moderne Drohnen-Abwehr aufbauen will, wurde von den NATO-Spitzen schon begr\u00fc\u00dft. Das Verteidigungsb\u00fcndnis hat Nachholbedarf, das hat sich bei den <a href=\"https:\/\/www.tagesschau.de\/ausland\/europa\/polen-drohne-russland-102.html\" title=\"Polen schie\u00dft erstmals russische Drohnen ab\" target=\"_blank\" rel=\"noopener\">Drohnen-Vorf\u00e4llen in Polen<\/a> gezeigt. Da ist die Initiative der Europ\u00e4er willkommen.<\/p>\n<p class=\"textabsatz m-ten m-offset-one l-eight l-offset-two columns twelve\">Drohnen h\u00e4tten schon jetzt die Kriegsf\u00fchrung ver\u00e4ndert, erkl\u00e4rt die EU-Au\u00dfenbeauftragte. Deshalb schl\u00e4gt sie ein Anti-Drohnen-System mit moderner Fr\u00fcherkennung f\u00fcr eine schnelle Verteidigung gegen Angriffe vor. Bis 2027 soll das Anti-Drohnen-System f\u00fcr alle EU-L\u00e4nder verf\u00fcgbar sein.<\/p>\n<p class=\"textabsatz m-ten m-offset-one l-eight l-offset-two columns twelve\">Zweiter Kernpunkt der Verteidigungsinitiative ist die Luftverteidigung in Osteuropa gegen russische Raketenangriffe. Hier ist die Rede von einem Abwehrschirm. Deutschland k\u00f6nnte die F\u00fchrungsrolle \u00fcbernehmen, das hat Bundesverteidigungsminister Boris Pistorius gestern beim NATO-Treffen in Br\u00fcssel angeboten.<\/p>\n<p>    &#8222;Die Steuerzahler werden uns daf\u00fcr danken&#8220;<\/p>\n<p class=\"textabsatz m-ten m-offset-one l-eight l-offset-two columns twelve\">Schwieriger d\u00fcrfte die Umsetzung des dritten Projekts werden: &#8222;Eine H\u00fcrde, die wir jetzt \u00fcberwinden m\u00fcssen, ist die gemeinsame Bestellung von Waffen&#8220;, fordert Kallas. Geht es nach ihr, m\u00fcssten die Europ\u00e4er sich ab sofort auf wenige Waffensysteme einigen, die dann f\u00fcr alle Armeen bestellt werden. Das h\u00e4tte den Vorteil, so Kallas, dass die Waffen im Einsatz besser zusammen funktionieren w\u00fcrden und es viel kosteng\u00fcnstiger w\u00e4re. &#8222;Die Steuerzahler werden uns daf\u00fcr danken.&#8220;<\/p>\n<p class=\"textabsatz m-ten m-offset-one l-eight l-offset-two columns twelve\">Nicht alle Verteidigungsminister sind von dem Vorschlag angetan. Manche f\u00fcrchten, dass sie Handlungsspielraum verlieren und Zust\u00e4ndigkeiten abgeben m\u00fcssen. Offen diskutiert wird der Vorschlag der EU-Kommission in einer Woche, beim n\u00e4chsten EU-Gipfel der Staats- und Regierungschefs.<\/p>\n","protected":false},"excerpt":{"rendered":"Stand: 16.10.2025 18:05 Uhr Alles &#8222;in enger Zusammenarbeit mit der NATO&#8220; &#8211; die EU-Au\u00dfenbeauftragte versucht, Kritiker zu bes\u00e4nftigen.&hellip;\n","protected":false},"author":2,"featured_media":503892,"comment_status":"","ping_status":"","sticky":false,"template":"","format":"standard","meta":{"footnotes":""},"categories":[2],"tags":[29,548,30,13,14,15,307,12,10,8,9,11,4961],"class_list":{"0":"post-503891","1":"post","2":"type-post","3":"status-publish","4":"format-standard","5":"has-post-thumbnail","7":"category-deutschland","8":"tag-deutschland","9":"tag-eu","10":"tag-germany","11":"tag-headlines","12":"tag-nachrichten","13":"tag-news","14":"tag-russland","15":"tag-schlagzeilen","16":"tag-top-news","17":"tag-top-meldungen","18":"tag-topmeldungen","19":"tag-topnews","20":"tag-verteidigung"},"share_on_mastodon":{"url":"https:\/\/pubeurope.com\/@de\/115385387045820906","error":""},"_links":{"self":[{"href":"https:\/\/www.europesays.com\/de\/wp-json\/wp\/v2\/posts\/503891","targetHints":{"allow":["GET"]}}],"collection":[{"href":"https:\/\/www.europesays.com\/de\/wp-json\/wp\/v2\/posts"}],"about":[{"href":"https:\/\/www.europesays.com\/de\/wp-json\/wp\/v2\/types\/post"}],"author":[{"embeddable":true,"href":"https:\/\/www.europesays.com\/de\/wp-json\/wp\/v2\/users\/2"}],"replies":[{"embeddable":true,"href":"https:\/\/www.europesays.com\/de\/wp-json\/wp\/v2\/comments?post=503891"}],"version-history":[{"count":0,"href":"https:\/\/www.europesays.com\/de\/wp-json\/wp\/v2\/posts\/503891\/revisions"}],"wp:featuredmedia":[{"embeddable":true,"href":"https:\/\/www.europesays.com\/de\/wp-json\/wp\/v2\/media\/503892"}],"wp:attachment":[{"href":"https:\/\/www.europesays.com\/de\/wp-json\/wp\/v2\/media?parent=503891"}],"wp:term":[{"taxonomy":"category","embeddable":true,"href":"https:\/\/www.europesays.com\/de\/wp-json\/wp\/v2\/categories?post=503891"},{"taxonomy":"post_tag","embeddable":true,"href":"https:\/\/www.europesays.com\/de\/wp-json\/wp\/v2\/tags?post=503891"}],"curies":[{"name":"wp","href":"https:\/\/api.w.org\/{rel}","templated":true}]}}