{"id":503893,"date":"2025-10-16T19:00:18","date_gmt":"2025-10-16T19:00:18","guid":{"rendered":"https:\/\/www.europesays.com\/de\/503893\/"},"modified":"2025-10-16T19:00:18","modified_gmt":"2025-10-16T19:00:18","slug":"drohnenangriffe-eu-kommission-stellt-plaene-fuer-europaeische-aufruestung-vor","status":"publish","type":"post","link":"https:\/\/www.europesays.com\/de\/503893\/","title":{"rendered":"Drohnenangriffe: EU-Kommission stellt Pl\u00e4ne f\u00fcr europ\u00e4ische Aufr\u00fcstung vor"},"content":{"rendered":"<p class=\"paragraph article__item\">Die <a href=\"https:\/\/www.zeit.de\/thema\/eu-kommission\" class=\"\" target=\"_blank\" rel=\"nofollow noopener\">EU-Kommission<\/a> hat vier Leitprojekte vorgestellt, um die europ\u00e4ische Verteidigungsf\u00e4higkeit zu verbessern. Dazu geh\u00f6ren eine Drohnenabwehr-Initiative (Eddi), eine umfassende Sicherung der \u00f6stlichen EU-Au\u00dfengrenzen, ein europ\u00e4ischer Luftschutz sowie ein Weltraumschutzschild. Ziel sei es, Europa bis 2030 verteidigungsbereit zu machen. &#8222;Die Gefahr wird auch nach dem Ende des <a href=\"https:\/\/www.zeit.de\/thema\/krieg-in-ukraine\" class=\"\" target=\"_blank\" rel=\"nofollow noopener\">Krieges in der Ukraine<\/a> nicht verschwinden&#8220;, sagte die EU-Au\u00dfenbeauftragte Kaja Kallas in Br\u00fcssel. &#8222;Es ist klar, dass wir unsere Verteidigung gegen Russland verst\u00e4rken m\u00fcssen.&#8220;\n<\/p>\n<p class=\"paragraph article__item\">Als besonders dringlich stuft die Kommission den geplanten &#8222;Drohnenwall&#8220; und die als &#8222;Eastern Flank Watch&#8220; bezeichnete Sicherung der Ostgrenze ein. Neben bodengest\u00fctzten Systemen ist auch die maritime Sicherheit der Ostsee und des Schwarzen Meers Teil der Planungen. Dabei sollen nicht nur die \u00f6stlichen Grenzl\u00e4nder, sondern die gesamte <a href=\"https:\/\/www.zeit.de\/thema\/europaeische-union\" class=\"\" target=\"_blank\" rel=\"nofollow noopener\">EU<\/a> gesch\u00fctzt werden. Zugleich reagiert die <a class=\"rtr-entity\" href=\"https:\/\/www.zeit.de\/thema\/europaeische-union\" rel=\"nofollow noopener\" target=\"_blank\">EU<\/a> damit auf die Bedrohung durch die sogenannte russische Schattenflotte. Beide Projekte sollen bis Ende des n\u00e4chsten Jahres eine erste Einsatzf\u00e4higkeit erreichen. Die Drohnenabwehr soll ein Jahr sp\u00e4ter voll funktionsf\u00e4hig sein, die Befestigung der Ostgrenze bis Ende 2028.\u00a0\n<\/p>\n<p class=\"paragraph article__item\">Deutschland hat nach Angaben von <a href=\"https:\/\/www.zeit.de\/thema\/boris-pistorius\" class=\"\" target=\"_blank\" rel=\"nofollow noopener\">Verteidigungsminister Boris Pistorius (SPD)<\/a> angeboten, beim geplanten &#8222;European Air Shield&#8220; die F\u00fchrungsrolle zu \u00fcbernehmen. Nach Informationen der Nachrichtenagentur dpa soll dabei ein mehrstufiges Flugabwehrsystem entstehen, das mit Nato-Strukturen kompatibel ist. Es soll von Raketen bis hin zu <a class=\"rtr-entity\" href=\"https:\/\/www.zeit.de\/thema\/drohne\" rel=\"nofollow noopener\" target=\"_blank\">Drohnen<\/a> ein breites Spektrum an Bedrohungen abwehren k\u00f6nnen.\u00a0\n<\/p>\n<p class=\"paragraph article__item\">Das geplante Weltraumschutzschild diene der Verteidigung europ\u00e4ischer Weltraumressourcen und -dienste, hie\u00df es.\n<\/p>\n<p>        Zustimmung der Staats- und Regierungschefs steht noch aus        <\/p>\n<p class=\"paragraph article__item\"><a href=\"https:\/\/www.zeit.de\/thema\/ursula-von-der-leyen\" class=\"\" target=\"_blank\" rel=\"nofollow noopener\">EU-Kommissionspr\u00e4sidentin Ursula von der Leyen <\/a>sprach von einem &#8222;klaren Plan mit gemeinsamen Zielen und konkreten Meilensteinen&#8220;. Die Vorschl\u00e4ge w\u00fcrden die europ\u00e4ische R\u00fcstungsindustrie st\u00e4rken, die Produktion beschleunigen und zugleich die Unterst\u00fctzung der <a class=\"rtr-entity\" href=\"https:\/\/www.zeit.de\/politik\/ausland\/ukraine-krieg-news-liveblog\" rel=\"nofollow noopener\" target=\"_blank\">Ukraine<\/a> absichern.\u00a0\n<\/p>\n<p>                            \u00a9\u00a0Lea Dohle<\/p>\n<p>\n                                        Newsletter<br \/>\n                                        Was jetzt? \u2013 Der t\u00e4gliche Morgen\u00fcberblick<\/p>\n<p class=\"newsletter-signup__text\">Starten Sie mit unserem kurzen Nachrichten-Newsletter in den Tag. Erhalten Sie zudem freitags den US-Sonderletter &#8222;Was jetzt, America?&#8220; sowie das digitale Magazin ZEIT am Wochenende.<\/p>\n<p class=\"newsletter-signup__datapolicy\" hidden=\"\">\n            Mit Ihrer Registrierung nehmen Sie die <a href=\"https:\/\/datenschutz.zeit.de\/zon#Newsletter\" target=\"_blank\" rel=\"nofollow noopener\">Datenschutzerkl\u00e4rung<\/a> zur Kenntnis.\n        <\/p>\n<p>    Vielen Dank! Wir haben Ihnen eine E-Mail geschickt.<\/p>\n<p>Pr\u00fcfen Sie Ihr Postfach und best\u00e4tigen Sie das Newsletter-Abonnement.<\/p>\n<p class=\"paragraph article__item\">Die 27 Staats- und Regierungschefs m\u00fcssen die Vorschl\u00e4ge noch billigen. Auf ihrem Gipfel in der kommenden Woche wollen sie \u00fcber die Leitprojekte beraten und festlegen, welche Mitgliedstaaten die Koordination \u00fcbernehmen. Die Pl\u00e4ne spiegeln nicht nur die Sorge vor weiteren Angriffen Russlands wider, sondern auch den Druck aus Washington: US-Pr\u00e4sident Donald Trump fordert seit Monaten, Europa m\u00fcsse st\u00e4rker in seine eigene Verteidigung investieren.\n<\/p>\n<p>Mehr zum Thema<\/p>\n<p>                <a href=\"https:\/\/www.zeit.de\/2025\/44\/andrij-melnyk-ukraine-botschafter-deutschland-un\" data-ct-label=\"Andrij Melnyk: &quot;Putin wird viel fr\u00fcher all-in gehen&quot;\" rel=\"nofollow noopener\" target=\"_blank\"><\/p>\n<p>        Z+ (abopflichtiger Inhalt);<\/p>\n<p>    Andrij Melnyk:<br \/>\n                        &#8222;Putin wird viel fr\u00fcher all-in gehen&#8220;<\/p>\n<p>                <\/a><\/p>\n<p>                <a href=\"https:\/\/www.zeit.de\/politik\/ausland\/2025-10\/russische-oelwirtschaft-raffinerien-angriff-ukraine-gxe\" data-ct-label=\"Russische \u00d6lwirtschaft: Jetzt kommt die Vergeltung\" rel=\"nofollow noopener\" target=\"_blank\"><\/p>\n<p>        Z+ (abopflichtiger Inhalt);<\/p>\n<p>    Russische \u00d6lwirtschaft:<br \/>\n                        Jetzt kommt die Vergeltung<\/p>\n<p>                <\/a><\/p>\n<p>                <a href=\"https:\/\/www.zeit.de\/politik\/ausland\/2025-10\/finnland-kuestenwache-estlink-2-5vor8\" data-ct-label=\"Finnland: Was die Deutschen von Finnland lernen k\u00f6nnen\" rel=\"nofollow noopener\" target=\"_blank\"><\/p>\n<p>        Z+ (abopflichtiger Inhalt);<\/p>\n<p>    Finnland:<br \/>\n                        Was die Deutschen von Finnland lernen k\u00f6nnen<\/p>\n<p>                <\/a><\/p>\n","protected":false},"excerpt":{"rendered":"Die EU-Kommission hat vier Leitprojekte vorgestellt, um die europ\u00e4ische Verteidigungsf\u00e4higkeit zu verbessern. Dazu geh\u00f6ren eine Drohnenabwehr-Initiative (Eddi), eine&hellip;\n","protected":false},"author":2,"featured_media":503894,"comment_status":"","ping_status":"","sticky":false,"template":"","format":"standard","meta":{"footnotes":""},"categories":[5],"tags":[689,1179,1478,25711,158,13,1435,14,15,16,12,10,8,9,11,686],"class_list":{"0":"post-503893","1":"post","2":"type-post","3":"status-publish","4":"format-standard","5":"has-post-thumbnail","7":"category-nachrichten","8":"tag-aufruestung","9":"tag-boris-pistorius","10":"tag-drohne","11":"tag-drohnenangriffe","12":"tag-europaeische-union","13":"tag-headlines","14":"tag-krieg-in-der-ukraine","15":"tag-nachrichten","16":"tag-news","17":"tag-politik","18":"tag-schlagzeilen","19":"tag-top-news","20":"tag-top-meldungen","21":"tag-topmeldungen","22":"tag-topnews","23":"tag-verteidigungspolitik"},"share_on_mastodon":{"url":"https:\/\/pubeurope.com\/@de\/115385389904435066","error":""},"_links":{"self":[{"href":"https:\/\/www.europesays.com\/de\/wp-json\/wp\/v2\/posts\/503893","targetHints":{"allow":["GET"]}}],"collection":[{"href":"https:\/\/www.europesays.com\/de\/wp-json\/wp\/v2\/posts"}],"about":[{"href":"https:\/\/www.europesays.com\/de\/wp-json\/wp\/v2\/types\/post"}],"author":[{"embeddable":true,"href":"https:\/\/www.europesays.com\/de\/wp-json\/wp\/v2\/users\/2"}],"replies":[{"embeddable":true,"href":"https:\/\/www.europesays.com\/de\/wp-json\/wp\/v2\/comments?post=503893"}],"version-history":[{"count":0,"href":"https:\/\/www.europesays.com\/de\/wp-json\/wp\/v2\/posts\/503893\/revisions"}],"wp:featuredmedia":[{"embeddable":true,"href":"https:\/\/www.europesays.com\/de\/wp-json\/wp\/v2\/media\/503894"}],"wp:attachment":[{"href":"https:\/\/www.europesays.com\/de\/wp-json\/wp\/v2\/media?parent=503893"}],"wp:term":[{"taxonomy":"category","embeddable":true,"href":"https:\/\/www.europesays.com\/de\/wp-json\/wp\/v2\/categories?post=503893"},{"taxonomy":"post_tag","embeddable":true,"href":"https:\/\/www.europesays.com\/de\/wp-json\/wp\/v2\/tags?post=503893"}],"curies":[{"name":"wp","href":"https:\/\/api.w.org\/{rel}","templated":true}]}}