{"id":503907,"date":"2025-10-16T19:09:13","date_gmt":"2025-10-16T19:09:13","guid":{"rendered":"https:\/\/www.europesays.com\/de\/503907\/"},"modified":"2025-10-16T19:09:13","modified_gmt":"2025-10-16T19:09:13","slug":"empowerment-festival-augsburg-setzt-zeichen-fuer-vielfalt-und-dialog","status":"publish","type":"post","link":"https:\/\/www.europesays.com\/de\/503907\/","title":{"rendered":"Empowerment Festival Augsburg setzt Zeichen f\u00fcr Vielfalt und Dialog"},"content":{"rendered":"<p class=\"mb-6 text-xs md:text-m lg:text-l font-serif group-[.font-sans]:font-sans \">\n    \u201eYour silence will not protect you\u201c \u2013 unter diesem Motto steht das diesj\u00e4hrige Empowerment Festival, das am Freitag und Samstag stattfindet. Mit Workshops, Lesungen und Installationen wollen die Kuratorinnen und Kuratoren nicht nur zum Nachdenken anregen, sondern auch zentrale Botschaften vermitteln.\n  <\/p>\n<p class=\"mb-6 text-xs md:text-m lg:text-l font-serif group-[.font-sans]:font-sans \">\n    <strong class=\"font-bold\">Nicole Schneiderbauer, Plan A<\/strong>: \u201eIch bin Teil des Teams, das das Empowerment Festival nun schon zum f\u00fcnften Mal organisiert. Im Alltag arbeite ich bei Plan A, der Vernetzungs- und Begegnungsplattform des Staatstheaters Augsburg. F\u00fcr uns ist es beim Festival immer entscheidend, dass die Teilnehmenden selbst mitbestimmen, wie das Programm aussieht \u2013 indem wir gezielt neue Menschen und Initiativen ansprechen und gemeinsam fragen: Wie soll das Festival sein? Was ist euch wichtig? Besonders freue ich mich in diesem Jahr \u00fcber Formate, die echte Begegnung und Gespr\u00e4che erm\u00f6glichen \u2013 etwa Workshops wie \u201aGemeinsam digital laut sein\u2018 oder \u201aBetter together\u2018. Dort geht es darum, wie wir in der Gesellschaft konstruktiv miteinander streiten und diskutieren k\u00f6nnen \u2013 wie Austausch und Meinungsverschiedenheit gelernt sein wollen. Die Grundidee dahinter: Schweigen bringt uns nicht weiter, gerade in Zeiten, in denen unsere Gesellschaft zunehmend polarisiert ist.\u201c\n  <\/p>\n<p class=\"mb-6 text-xs md:text-m lg:text-l font-serif group-[.font-sans]:font-sans \">\n    <strong class=\"font-bold\">Feven Selemon, Open Afro Aux<\/strong>: \u201eIch bin seit Beginn als Gr\u00fcndungsmitglied des Festivals dabei und vertrete Open Afro Aux, eine Initiative der Black Community in Augsburg. Sie wurde nach dem Mord an George Floyd im Jahr 2020 gegr\u00fcndet und hat damals mehrere Protestaktionen organisiert. Nachdem das Staatstheater erstmals ein St\u00fcck unter der Regie einer Schwarzen Frau auf die B\u00fchne gebracht hatte, begann unsere Zusammenarbeit \u2013 zun\u00e4chst mit Anti-Rassismus-Workshops, aus denen schlie\u00dflich der Grundstein f\u00fcr das Festival gelegt wurde. Von Anfang an war unser Ziel, verschiedene Communities zu erreichen und benachteiligte Gruppen wie die Black Community, alleinerziehende Frauen, Menschen mit Behinderung oder andere marginalisierte Gruppen einzubeziehen. F\u00fcr mich ist der Empowerment-Workshop \u201aKlang-Voll: Nutze die Kraft deiner Stimme\u2018 das Herzst\u00fcck des Festivals. Dieses Format gibt es seit der ersten Ausgabe \u2013 ein Raum nur f\u00fcr Black, Indigenous und People of Color. Mir ist wichtig, dass dieser Raum bleibt.\u201c\n  <\/p>\n<p>    <img decoding=\"async\" src=\"https:\/\/images.mgpd.de\/img\/112571830\/crop\/c9_16-w100\/1213265479\/386732559\/empowertag2sandsackfotografie00021neu.jpg\" alt=\"Das Programm des Empowerment Festivals setzt von Beginn an auf Austausch: Beim \u201eTischgespr\u00e4ch\u201c-Brunch kommen Teilnehmende und Workshopleitende miteinander ins Gespr\u00e4ch und starten gemeinsam in den Tag.\" title=\"Das Programm des Empowerment Festivals setzt von Beginn an auf Austausch: Beim \u201eTischgespr\u00e4ch\u201c-Brunch kommen Teilnehmende und Workshopleitende miteinander ins Gespr\u00e4ch und starten gemeinsam in den Tag.\" class=\"h-full w-full object-cover\"\/><\/p>\n<p>      Icon vergr\u00f6\u00dfern<\/p>\n<p>    Das Programm des Empowerment Festivals setzt von Beginn an auf Austausch: Beim \u201eTischgespr\u00e4ch\u201c-Brunch kommen Teilnehmende und Workshopleitende miteinander ins Gespr\u00e4ch und starten gemeinsam in den Tag.<br \/>\n    Foto: Natalie Stanczak<\/p>\n<p>        Schlie\u00dfen <\/p>\n<p>      Icon Schlie\u00dfen<\/p>\n<p>        Icon vergr\u00f6\u00dfern<\/p>\n<p>        Icon verkleinern<\/p>\n<p>      Icon Pfeil bewegen<\/p>\n<p>    Das Programm des Empowerment Festivals setzt von Beginn an auf Austausch: Beim \u201eTischgespr\u00e4ch\u201c-Brunch kommen Teilnehmende und Workshopleitende miteinander ins Gespr\u00e4ch und starten gemeinsam in den Tag.<br \/>\n    Foto: Natalie Stanczak<\/p>\n<p class=\"mb-6 text-xs md:text-m lg:text-l font-serif group-[.font-sans]:font-sans \">\n    <strong class=\"font-bold\">Simon Waterschoot &amp; Jakob Ludwig, T\u00fcr an T\u00fcr<\/strong>: \u201eWir sind beim Festival als Programmpartner von T\u00fcr an T\u00fcr dabei und gestalten mehrere Workshops. Unser thematischer Schwerpunkt liegt auf dem Stichwort soziale Netzwerke \u2013 im digitalen wie im analogen Sinn. Dabei besch\u00e4ftigen wir uns mit Fragen wie: Wie k\u00f6nnen wir als vielf\u00e4ltige Stadtgesellschaft lauter werden? Wie k\u00f6nnen wir uns gegenseitig st\u00e4rken? Wie k\u00f6nnen wir mit Konflikten konstruktiv umgehen und Br\u00fccken bauen? Das Motto \u201aYour silence will not protect you\u2018 stammt zwar nicht von uns, aber wir identifizieren uns stark damit. Wir denken dabei daran, dass es eine laute Zivilgesellschaft braucht, um den Abbau von Demokratie, Menschenrechten und Freiheit auch hierzulande zu verhindern \u2013 und dass das nur gemeinsam geht. Das Festival ist f\u00fcr uns eine wunderbare Gelegenheit, neue Energie zu sch\u00f6pfen, Netzwerke zu kn\u00fcpfen und B\u00fcndnisse zu schmieden.\u201c\n  <\/p>\n<p class=\"mb-6 text-xs md:text-m lg:text-l font-serif group-[.font-sans]:font-sans \">\n    <strong class=\"font-bold\">Maria Trump &amp; Lena Immler, B\u00fcro f\u00fcr Popkultur<\/strong>: \u201eWir begleiten das Empowerment Festival von Anfang an. Als Vertreterinnen des st\u00e4dtischen Kulturamts unterst\u00fctzen wir das Festival organisatorisch und inhaltlich \u2013 und bringen dabei Themen und Netzwerke aus der Augsburger Kultur- und Kunstszene ein. Unser Ziel ist es, einen Ort zu schaffen, der Begegnung und Gespr\u00e4ch erm\u00f6glicht \u2013 niedrigschwellig, aber zugleich k\u00fcnstlerisch anspruchsvoll. Zuh\u00f6ren und Austausch sind f\u00fcr uns das Herz des Festivals. In diesem Jahr freut es uns besonders, dass unsere Festivalfotografin Natalie Stanczak nicht nur fotografisch begleitet, sondern auch einen eigenen Workshop anbietet. Mit ihrem Blick auf das Selbstportr\u00e4t als widerst\u00e4ndigen Akt bringt sie genau das ins Festival, worum es uns geht \u2013 Selbsterm\u00e4chtigung durch Kreativit\u00e4t. Und da wir beide selbst junge M\u00fctter sind, freuen wir uns zudem sehr, dass das Festival mit der deutsch-t\u00fcrkischen Lesung auch Familien anspricht. Diese \u00d6ffnung f\u00fchlt sich richtig an \u2013 sie macht das Festival noch zug\u00e4nglicher und lebendiger.\u201c\n  <\/p>\n<p>    Empowerment Festival<\/p>\n<p class=\"mb-6 text-xs md:text-m lg:text-l font-serif group-[.font-sans]:font-sans \">\n    Das Empowerment Festival findet am 17. und 18. Oktober im Grandhotel Cosmopolis in Augsburg statt. Auf dem Programm stehen Workshops, Lesungen, Mitmach-Angebote und Installationen. Erg\u00e4nzt wird das Festival durch ein kulinarisches Lesebuffet und ein Treppenhauskonzert. Der Eintritt ist frei, f\u00fcr Workshops ist eine Anmeldung erforderlich. Weitere Informationen und Anmeldem\u00f6glichkeiten unter: <a href=\"https:\/\/staatstheater-augsburg.de\/empowerment_festival\" rel=\"nofollow noopener\" target=\"_blank\" class=\"underline \">staatstheater-augsburg.de\/empowerment_festival<\/a>\n  <\/p>\n<ul data-module-id=\"DragDropModule\" class=\"flex flex-wrap justify-start group-[.no-bookmarks]:hidden\">\n<li class=\"mb-3 mr-3\">\n    Allen Xu<\/p>\n<p>      Icon Haken im Kreis gesetzt<\/p>\n<p>      Icon Plus im Kreis<\/p>\n<\/li>\n<li class=\"mb-3 mr-3\">\n    Augsburg<\/p>\n<p>      Icon Haken im Kreis gesetzt<\/p>\n<p>      Icon Plus im Kreis<\/p>\n<\/li>\n<li class=\"mb-3 mr-3\">\n    Zivilcourage<\/p>\n<p>      Icon Haken im Kreis gesetzt<\/p>\n<p>      Icon Plus im Kreis<\/p>\n<\/li>\n<\/ul>\n","protected":false},"excerpt":{"rendered":"\u201eYour silence will not protect you\u201c \u2013 unter diesem Motto steht das diesj\u00e4hrige Empowerment Festival, das am Freitag&hellip;\n","protected":false},"author":2,"featured_media":503908,"comment_status":"","ping_status":"","sticky":false,"template":"","format":"standard","meta":{"footnotes":""},"categories":[1846],"tags":[680,772,3364,29,548,663,3934,30,13,14,15,12],"class_list":{"0":"post-503907","1":"post","2":"type-post","3":"status-publish","4":"format-standard","5":"has-post-thumbnail","7":"category-augsburg","8":"tag-augsburg","9":"tag-bayern","10":"tag-de","11":"tag-deutschland","12":"tag-eu","13":"tag-europa","14":"tag-europe","15":"tag-germany","16":"tag-headlines","17":"tag-nachrichten","18":"tag-news","19":"tag-schlagzeilen"},"share_on_mastodon":{"url":"https:\/\/pubeurope.com\/@de\/115385425968218816","error":""},"_links":{"self":[{"href":"https:\/\/www.europesays.com\/de\/wp-json\/wp\/v2\/posts\/503907","targetHints":{"allow":["GET"]}}],"collection":[{"href":"https:\/\/www.europesays.com\/de\/wp-json\/wp\/v2\/posts"}],"about":[{"href":"https:\/\/www.europesays.com\/de\/wp-json\/wp\/v2\/types\/post"}],"author":[{"embeddable":true,"href":"https:\/\/www.europesays.com\/de\/wp-json\/wp\/v2\/users\/2"}],"replies":[{"embeddable":true,"href":"https:\/\/www.europesays.com\/de\/wp-json\/wp\/v2\/comments?post=503907"}],"version-history":[{"count":0,"href":"https:\/\/www.europesays.com\/de\/wp-json\/wp\/v2\/posts\/503907\/revisions"}],"wp:featuredmedia":[{"embeddable":true,"href":"https:\/\/www.europesays.com\/de\/wp-json\/wp\/v2\/media\/503908"}],"wp:attachment":[{"href":"https:\/\/www.europesays.com\/de\/wp-json\/wp\/v2\/media?parent=503907"}],"wp:term":[{"taxonomy":"category","embeddable":true,"href":"https:\/\/www.europesays.com\/de\/wp-json\/wp\/v2\/categories?post=503907"},{"taxonomy":"post_tag","embeddable":true,"href":"https:\/\/www.europesays.com\/de\/wp-json\/wp\/v2\/tags?post=503907"}],"curies":[{"name":"wp","href":"https:\/\/api.w.org\/{rel}","templated":true}]}}