{"id":50391,"date":"2025-04-21T20:38:10","date_gmt":"2025-04-21T20:38:10","guid":{"rendered":"https:\/\/www.europesays.com\/de\/50391\/"},"modified":"2025-04-21T20:38:10","modified_gmt":"2025-04-21T20:38:10","slug":"stadtdechant-heidkamp-trauert-um-toten-papst-franziskus","status":"publish","type":"post","link":"https:\/\/www.europesays.com\/de\/50391\/","title":{"rendered":"Stadtdechant Heidkamp trauert um toten Papst Franziskus"},"content":{"rendered":"<p>21.04.2025 &#8211; 22:01 UhrLesedauer: 1 Min.<\/p>\n<p><a href=\"#focus-0\" class=\"transition-colors duration-200 focus-within:text-magenta block text-current relative\" data-sctrack=\"FocusGalleryImage.Reference\"><img fetchpriority=\"high\" data-testid=\"Opener.Image\" style=\"--lqipURL:url('https:\/\/images.t-online.de\/2025\/04\/7MexDnh5sGa6\/525x359:3291x1851\/fit-in\/150x0\/filters:blur(25)\/image.jpg')\"   loading=\"eager\" src=\"https:\/\/www.europesays.com\/de\/wp-content\/uploads\/2025\/04\/1745267889_667_image.jpg\" alt=\"imago images 126912369\" title=\"imago images 126912369\" width=\"3291\" height=\"1851\" class=\"bg-[url:var(--lqipURL)] bg-cover bg-center flex w-full max-w-full h-full\" decoding=\"async\"\/><img style=\"--width:32;--height:32\" loading=\"lazy\" src=\"https:\/\/www.europesays.com\/de\/wp-content\/uploads\/2025\/03\/zoom-in.f7dae02f.svg.svg+xml\" alt=\"Vergr\u00f6\u00dfern des Bildes\" title=\"Vergr\u00f6\u00dfern des Bildes\" class=\"&#10;        block&#10;        h-[calc(var(--height)_\/_16_*_1rem)]&#10;        w-[calc(var(--width)_\/_16_*_1rem)]&#10;        max-w-none&#10;        absolute bottom-8 right-8 rounded-4 bg-snow p-8\" decoding=\"async\"\/><\/a><\/p>\n<p>Frank Heidkamp (Archivbild): D\u00fcsseldorfs Stadtdechant hatte mit dem Tod des Papstes am Ostermontag nicht gerechnet. (Quelle: Michael Gstettenbauer\/imago-images-bilder)<\/p>\n<p class=\"font-bold text-18 leading-17\">Papst Franziskus ist am Ostermontag gestorben. Der Verlust l\u00f6st weltweite Trauer aus. D\u00fcsseldorfs Stadtdechant Frank Heidkamp erinnert sich an das Kirchenoberhaupt.<\/p>\n<p class=\"text-18 leading-17\">Mit dem Tod von <a class=\"transition-colors duration-200 cursor-pointer text-inherit no-underline text-salemsfur md:hover:text-magenta md:hover:border-magenta md:focus:text-magenta border-current border-b border-solid break-words\" href=\"https:\/\/www.t-online.de\/themen\/papst-franziskus\/\" data-sctrack=\"BodyAnchor\" target=\"_blank\" rel=\"noopener\">Papst Franziskus<\/a> am Ostermontag &#8222;haben wir alle nicht gerechnet&#8220;, sagte D\u00fcsseldorfs Stadtdechant Frank Heidkamp am Vormittag zum Tod des Oberhaupts der katholischen Kirche. Heidkamp weiter: &#8222;Noch am Ostersonntag hat er \u2013 zwar geschw\u00e4cht \u2013 den Ostersegen urbi et orbi gespendet. Nach seiner <a class=\"transition-colors duration-200 cursor-pointer text-inherit no-underline text-salemsfur md:hover:text-magenta md:hover:border-magenta md:focus:text-magenta border-current border-b border-solid break-words\" href=\"https:\/\/www.t-online.de\/gesundheit\/krankheiten-symptome\/atemwegserkrankungen\/id_91273632\/lungenentzuendung-dauer-symptome-behandlung.html\" data-sctrack=\"BodyAnchor\" target=\"_blank\" rel=\"noopener\">Lungenentz\u00fcndung<\/a> schien es aufw\u00e4rts zu gehen. Umso gr\u00f6\u00dfer ist die Trauer nun um ihn.&#8220;<\/p>\n<p class=\"text-18 leading-17\">Laut Heidkamp war der jetzt gestorbene Papst Franziskus f\u00fcr \u00dcberraschungen gut. Sein einfaches Leben habe \u00fcberzeugt, die Botschaft der Liebe habe Franziskus gelebt. &#8222;Den Menschen zugewandt, setzte er sich f\u00fcr Fl\u00fcchtlinge und Randgruppen ein. Er reiste bis an die ,Grenzen der Erde&#8216;, um den Menschen nahe zu sein. Wo er nur konnte, setzte er sich f\u00fcr den Frieden auf der Welt ein&#8220;, sagte der D\u00fcsseldorfer Stadtdechant.<\/p>\n<p class=\"text-18 leading-17\">Das Miteinander der Religionen sei Franziskus ein gro\u00dfes Anliegen gewesen. Heidkamp glaubt, dass der Papst trotz seines Gesundheitszustands noch viel vorhatte. Als &#8222;Pilger der Hoffnung&#8220; habe Franziskus das Heilige Jahr 2025 begonnen, &#8222;m\u00f6ge Gott ihm nun ewiges Leben schenken&#8220;.<\/p>\n","protected":false},"excerpt":{"rendered":"21.04.2025 &#8211; 22:01 UhrLesedauer: 1 Min. Frank Heidkamp (Archivbild): D\u00fcsseldorfs Stadtdechant hatte mit dem Tod des Papstes am&hellip;\n","protected":false},"author":2,"featured_media":50392,"comment_status":"","ping_status":"","sticky":false,"template":"","format":"standard","meta":{"footnotes":""},"categories":[1831],"tags":[3364,29,3405,24204,30,6590,1209,5224,2480],"class_list":{"0":"post-50391","1":"post","2":"type-post","3":"status-publish","4":"format-standard","5":"has-post-thumbnail","7":"category-duesseldorf","8":"tag-de","9":"tag-deutschland","10":"tag-duesseldorf","11":"tag-frank-heidkamp","12":"tag-germany","13":"tag-katholische-kirche","14":"tag-nordrhein-westfalen","15":"tag-ostermontag","16":"tag-papst-franziskus"},"share_on_mastodon":{"url":"https:\/\/pubeurope.com\/@de\/114377883880502815","error":""},"_links":{"self":[{"href":"https:\/\/www.europesays.com\/de\/wp-json\/wp\/v2\/posts\/50391","targetHints":{"allow":["GET"]}}],"collection":[{"href":"https:\/\/www.europesays.com\/de\/wp-json\/wp\/v2\/posts"}],"about":[{"href":"https:\/\/www.europesays.com\/de\/wp-json\/wp\/v2\/types\/post"}],"author":[{"embeddable":true,"href":"https:\/\/www.europesays.com\/de\/wp-json\/wp\/v2\/users\/2"}],"replies":[{"embeddable":true,"href":"https:\/\/www.europesays.com\/de\/wp-json\/wp\/v2\/comments?post=50391"}],"version-history":[{"count":0,"href":"https:\/\/www.europesays.com\/de\/wp-json\/wp\/v2\/posts\/50391\/revisions"}],"wp:featuredmedia":[{"embeddable":true,"href":"https:\/\/www.europesays.com\/de\/wp-json\/wp\/v2\/media\/50392"}],"wp:attachment":[{"href":"https:\/\/www.europesays.com\/de\/wp-json\/wp\/v2\/media?parent=50391"}],"wp:term":[{"taxonomy":"category","embeddable":true,"href":"https:\/\/www.europesays.com\/de\/wp-json\/wp\/v2\/categories?post=50391"},{"taxonomy":"post_tag","embeddable":true,"href":"https:\/\/www.europesays.com\/de\/wp-json\/wp\/v2\/tags?post=50391"}],"curies":[{"name":"wp","href":"https:\/\/api.w.org\/{rel}","templated":true}]}}