{"id":503917,"date":"2025-10-16T19:14:11","date_gmt":"2025-10-16T19:14:11","guid":{"rendered":"https:\/\/www.europesays.com\/de\/503917\/"},"modified":"2025-10-16T19:14:11","modified_gmt":"2025-10-16T19:14:11","slug":"und-leben-de-das-bistum-muenster-in-rom-die-schoensten-bilder-von-donnerstag","status":"publish","type":"post","link":"https:\/\/www.europesays.com\/de\/503917\/","title":{"rendered":"und-Leben.de &#8211; Das Bistum M\u00fcnster in Rom: Die sch\u00f6nsten Bilder von Donnerstag"},"content":{"rendered":"<p>Pilgernd durch die Ewige Stadt &#8211; und ein ber\u00fchrender Lichter- und Vers\u00f6hnungsgottesdienst im Lateran: der vierte Tag der Bistumswallfahrt.<\/p>\n<p>Der vierte Tag der Bistumswallfahrt f\u00fchrte die 2.700 Pilgerinnen und Pilger zun\u00e4chst <a href=\"https:\/\/www.kirche-und-leben.de\/artikel\/bistumswallfahrt-muenster-rom-pilgern-kirche-rom-altstadt\" rel=\"nofollow noopener\" target=\"_blank\">kreuz und quer durch die Ewige Stad<\/a>t. Viele Ziele, vor allem die gro\u00dfen, ber\u00fchmten Kirchen Roms, waren eine Mischung aus touristischen und kunstgeschichtlichen Highlights &#8211; und Gebet, Stille, Besinnung. Das Kirche+Leben-Team hat eine Gruppe begleitet.<\/p>\n<p>Der sp\u00e4te Nachmittag lud zu einem geistlichen H\u00f6hepunkt der gesamten Wallfahrt im Heiligen Jahr: In der Lateranbasilika, dem Sitz des Papstes als Bischof von Rom und \u201cMutter und Haupt aller Kirchen\u201d feierte die gro\u00dfe Pilgergemeinschaft einen stimmungsvollen, ber\u00fchrenden Lichter- und Vers\u00f6hnungsgottesdienst.\u00a0<\/p>\n<p>Einmal mehr bereicherten die Ch\u00f6re die Feier, der Weihbischof Christoph Hegge vorstand &#8211; an seiner Seite Bischof em. Felix Genn, Weihbischof Rolf Lohmann sowie zahlreiche Priester und Ministranten aus dem gesamten Bistum.<\/p>\n","protected":false},"excerpt":{"rendered":"Pilgernd durch die Ewige Stadt &#8211; und ein ber\u00fchrender Lichter- und Vers\u00f6hnungsgottesdienst im Lateran: der vierte Tag der&hellip;\n","protected":false},"author":2,"featured_media":503918,"comment_status":"","ping_status":"","sticky":false,"template":"","format":"standard","meta":{"footnotes":""},"categories":[1843],"tags":[3364,29,30,16393,8970,1209],"class_list":{"0":"post-503917","1":"post","2":"type-post","3":"status-publish","4":"format-standard","5":"has-post-thumbnail","7":"category-muenster","8":"tag-de","9":"tag-deutschland","10":"tag-germany","11":"tag-kirche-und-leben-netz","12":"tag-muenster","13":"tag-nordrhein-westfalen"},"share_on_mastodon":{"url":"https:\/\/pubeurope.com\/@de\/115385445363107655","error":""},"_links":{"self":[{"href":"https:\/\/www.europesays.com\/de\/wp-json\/wp\/v2\/posts\/503917","targetHints":{"allow":["GET"]}}],"collection":[{"href":"https:\/\/www.europesays.com\/de\/wp-json\/wp\/v2\/posts"}],"about":[{"href":"https:\/\/www.europesays.com\/de\/wp-json\/wp\/v2\/types\/post"}],"author":[{"embeddable":true,"href":"https:\/\/www.europesays.com\/de\/wp-json\/wp\/v2\/users\/2"}],"replies":[{"embeddable":true,"href":"https:\/\/www.europesays.com\/de\/wp-json\/wp\/v2\/comments?post=503917"}],"version-history":[{"count":0,"href":"https:\/\/www.europesays.com\/de\/wp-json\/wp\/v2\/posts\/503917\/revisions"}],"wp:featuredmedia":[{"embeddable":true,"href":"https:\/\/www.europesays.com\/de\/wp-json\/wp\/v2\/media\/503918"}],"wp:attachment":[{"href":"https:\/\/www.europesays.com\/de\/wp-json\/wp\/v2\/media?parent=503917"}],"wp:term":[{"taxonomy":"category","embeddable":true,"href":"https:\/\/www.europesays.com\/de\/wp-json\/wp\/v2\/categories?post=503917"},{"taxonomy":"post_tag","embeddable":true,"href":"https:\/\/www.europesays.com\/de\/wp-json\/wp\/v2\/tags?post=503917"}],"curies":[{"name":"wp","href":"https:\/\/api.w.org\/{rel}","templated":true}]}}