{"id":503923,"date":"2025-10-16T19:17:12","date_gmt":"2025-10-16T19:17:12","guid":{"rendered":"https:\/\/www.europesays.com\/de\/503923\/"},"modified":"2025-10-16T19:17:12","modified_gmt":"2025-10-16T19:17:12","slug":"rga-top-themen-16-oktober-2025","status":"publish","type":"post","link":"https:\/\/www.europesays.com\/de\/503923\/","title":{"rendered":"RGA Top-Themen &#8211; 16. Oktober 2025"},"content":{"rendered":"<p class=\"Textstyled__Text-sc-1cqv9mi-0 cLyiiX\">Guten Abend, liebe Leserinnen und Leser, <\/p>\n<p>Weiterlesen nach der Anzeige<\/p>\n<p>Weiterlesen nach der Anzeige<\/p>\n<p class=\"Textstyled__Text-sc-1cqv9mi-0 cLyiiX\">schon als Kind war der L\u00fcttringhauser total fasziniert von seinen Spielzeugautos und seiner hei\u00dfgeliebten Carrerabahn. Die Schnellen und Wilden, die waren ihm immer schon am liebsten. Seine favorisierte Automarke war und ist ohne Zweifel Porsche. Im gereiften Alter erf\u00fcllte sich Klaus Kaspar (58) mit dem Kauf eines Porsche Macan schlie\u00dflich seinen Kindheitstraum. Doch der zerplatzte j\u00e4h: Unbekannte stahlen seinen Wagen aus der Einfahrt. <a href=\"https:\/\/www.rga.de\/lokales\/remscheid\/remscheid-autodiebstahl-im-bergischen-luettringhauser-porsche-macan-taucht-in-dubai-auf-QAQWWODRYNEM5LO5QW5433PBIQ.html\" target=\"_self\" rel=\"nofollow noopener\" title=\"https:\/\/www.rga.de\/lokales\/remscheid\/remscheid-autodiebstahl-im-bergischen-luettringhauser-porsche-macan-taucht-in-dubai-auf-QAQWWODRYNEM5LO5QW5433PBIQ.html\" data-vars-event-category=\"intext_link\" data-vars-event-action=\"click\" data-vars-event-label=\"https:\/\/www.rga.de\/lokales\/remscheid\/remscheid-autodiebstahl-im-bergischen-luettringhauser-porsche-macan-taucht-in-dubai-auf-QAQWWODRYNEM5LO5QW5433PBIQ.html\">Welche kuriosen Dinge dem Remscheider dann passiert sind, wie gro\u00df das Problem Autodiebstahl im Bergischen ist und welche Rolle das Emirat Dubai gespielt hat.<\/a> Wir haben es aufgeschrieben.<\/p>\n<p class=\"Textstyled__Text-sc-1cqv9mi-0 cLyiiX\">Gute Nachrichten f\u00fcr den S\u00fcdbezirk, nicht nur f\u00fcr Wanderer und Hochzeitspaare: Das Restaurant in der Mebusm\u00fchle wird bald wieder mit regem Leben bef\u00fcllt sein. Ruhi Alimci (66) aus K\u00f6ln hatte das geschichtstr\u00e4chtige Haus vor zwei Jahren von Mario Rowanowski gekauft und es seitdem aufwendig saniert. Au\u00dfen sieht die 4500 Quadratmeter gro\u00dfe Immobilie bereits nahezu fertig aus, auch Parkplatz und Biergarten sind neu. <a href=\"https:\/\/www.rga.de\/lokales\/remscheid\/remscheid-restaurant-mebusmuehle-am-schwanenteich-gerettet-das-planen-die-neuen-inhaber-672FAITEY5BHPFPA5OPYX3GEKE.html\" target=\"_self\" rel=\"nofollow noopener\" title=\"https:\/\/www.rga.de\/lokales\/remscheid\/remscheid-restaurant-mebusmuehle-am-schwanenteich-gerettet-das-planen-die-neuen-inhaber-672FAITEY5BHPFPA5OPYX3GEKE.html\" data-vars-event-category=\"intext_link\" data-vars-event-action=\"click\" data-vars-event-label=\"https:\/\/www.rga.de\/lokales\/remscheid\/remscheid-restaurant-mebusmuehle-am-schwanenteich-gerettet-das-planen-die-neuen-inhaber-672FAITEY5BHPFPA5OPYX3GEKE.html\">Er\u00f6ffnet werden kann jedoch aus sehr nachvollziehbaren Gr\u00fcnden noch nicht.<\/a><\/p>\n<p class=\"Textstyled__Text-sc-1cqv9mi-0 cLyiiX\">Der Winter naht und damit schlie\u00dft sich auch wieder ein Kapitel f\u00fcr die Remscheider Brunnen: Sie gehen jetzt in den Winterschlaf. Das Geb\u00e4udemanagement der Stadt hat bereits am Mittwoch die vier Brunnen auf der Alleestra\u00dfe winterfest gemacht, berichtet Leiter Thomas Judt auf Anfrage. <a href=\"https:\/\/www.rga.de\/lokales\/remscheid\/remscheid-brunnen-gehen-in-die-winterpause-REYXDYHB4NACPEOBMX6HSDFR4I.html\" target=\"_self\" rel=\"nofollow noopener\" title=\"https:\/\/www.rga.de\/lokales\/remscheid\/remscheid-brunnen-gehen-in-die-winterpause-REYXDYHB4NACPEOBMX6HSDFR4I.html\" data-vars-event-category=\"intext_link\" data-vars-event-action=\"click\" data-vars-event-label=\"https:\/\/www.rga.de\/lokales\/remscheid\/remscheid-brunnen-gehen-in-die-winterpause-REYXDYHB4NACPEOBMX6HSDFR4I.html\">Wird denn auch den Trinkwasserbrunnen der Hahn abgedreht?<\/a><\/p>\n<p>Weiterlesen nach der Anzeige<\/p>\n<p>Weiterlesen nach der Anzeige<\/p>\n<p class=\"Textstyled__Text-sc-1cqv9mi-0 cLyiiX\">Ich w\u00fcnsche Ihnen allen einen sch\u00f6nen Abend!<\/p>\n<p class=\"Textstyled__Text-sc-1cqv9mi-0 cLyiiX\">Ihr Andreas Kratz<\/p>\n<p>Dar\u00fcber redet RemscheidDas sollte man wissen<\/p>\n<p>Weiterlesen nach der Anzeige<\/p>\n<p>Weiterlesen nach der Anzeige<\/p>\n<p>Dar\u00fcber redet die Sport-Szene<\/p>\n<p>Weiterlesen nach der Anzeige<\/p>\n<p>Weiterlesen nach der Anzeige<\/p>\n<p>Und das ist au\u00dferdem lesenswert<\/p>\n<p>Weiterlesen nach der Anzeige<\/p>\n<p>Weiterlesen nach der Anzeige<\/p>\n<p class=\"Textstyled__Text-sc-1cqv9mi-0 cLyiiX\">Gefallen Ihnen die Top-News aus Remscheid? Dann empfehlen Sie gern Freunden und Bekannten unseren kostenlosen t\u00e4glichen Newsletter. Er erscheint t\u00e4glich gegen 18 Uhr. <a href=\"https:\/\/www.rga.de\/newsletter\/\" target=\"_blank\" rel=\"noopener nofollow\" data-vars-event-category=\"intext_link\" data-vars-event-action=\"click\" data-vars-event-label=\"https:\/\/www.rga.de\/newsletter\/\">Hier k\u00f6nnen Freunde \u201eRGA Top-Themen\u201c abonnieren<\/a>.<\/p>\n<p>Weiterlesen nach der Anzeige<\/p>\n<p>Weiterlesen nach der Anzeige<\/p>\n<p class=\"Textstyled__Text-sc-1cqv9mi-0 cLyiiX\">Folgen Sie uns auf unseren Social Media-Kan\u00e4len: Schauen Sie doch mal auf <a href=\"https:\/\/www.instagram.com\/rgaremscheid\" rel=\"noopener noreferrer nofollow\" title=\"https:\/\/www.instagram.com\/rgaremscheid\" data-vars-event-category=\"intext_link\" data-vars-event-action=\"click\" data-vars-event-label=\"https:\/\/www.instagram.com\/rgaremscheid\" target=\"_blank\">Instagram<\/a> und <a href=\"https:\/\/www.facebook.com\/RemscheiderGA\/\" rel=\"noopener noreferrer nofollow\" title=\"https:\/\/www.facebook.com\/RemscheiderGA\/\" data-vars-event-category=\"intext_link\" data-vars-event-action=\"click\" data-vars-event-label=\"https:\/\/www.facebook.com\/RemscheiderGA\/\" target=\"_blank\">Facebook<\/a> vorbei!<\/p>\n<p class=\"Editorialstyled__Editorial-sc-1bfvh9l-0 cSmjnJ\">RGA<\/p>\n<p><script async src=\"\/\/www.instagram.com\/embed.js\"><\/script><\/p>\n","protected":false},"excerpt":{"rendered":"Guten Abend, liebe Leserinnen und Leser, Weiterlesen nach der Anzeige Weiterlesen nach der Anzeige schon als Kind war&hellip;\n","protected":false},"author":2,"featured_media":290961,"comment_status":"","ping_status":"","sticky":false,"template":"","format":"standard","meta":{"footnotes":""},"categories":[1840],"tags":[3364,29,30,1209,4418],"class_list":{"0":"post-503923","1":"post","2":"type-post","3":"status-publish","4":"format-standard","5":"has-post-thumbnail","7":"category-wuppertal","8":"tag-de","9":"tag-deutschland","10":"tag-germany","11":"tag-nordrhein-westfalen","12":"tag-wuppertal"},"share_on_mastodon":{"url":"https:\/\/pubeurope.com\/@de\/115385456770274325","error":""},"_links":{"self":[{"href":"https:\/\/www.europesays.com\/de\/wp-json\/wp\/v2\/posts\/503923","targetHints":{"allow":["GET"]}}],"collection":[{"href":"https:\/\/www.europesays.com\/de\/wp-json\/wp\/v2\/posts"}],"about":[{"href":"https:\/\/www.europesays.com\/de\/wp-json\/wp\/v2\/types\/post"}],"author":[{"embeddable":true,"href":"https:\/\/www.europesays.com\/de\/wp-json\/wp\/v2\/users\/2"}],"replies":[{"embeddable":true,"href":"https:\/\/www.europesays.com\/de\/wp-json\/wp\/v2\/comments?post=503923"}],"version-history":[{"count":0,"href":"https:\/\/www.europesays.com\/de\/wp-json\/wp\/v2\/posts\/503923\/revisions"}],"wp:featuredmedia":[{"embeddable":true,"href":"https:\/\/www.europesays.com\/de\/wp-json\/wp\/v2\/media\/290961"}],"wp:attachment":[{"href":"https:\/\/www.europesays.com\/de\/wp-json\/wp\/v2\/media?parent=503923"}],"wp:term":[{"taxonomy":"category","embeddable":true,"href":"https:\/\/www.europesays.com\/de\/wp-json\/wp\/v2\/categories?post=503923"},{"taxonomy":"post_tag","embeddable":true,"href":"https:\/\/www.europesays.com\/de\/wp-json\/wp\/v2\/tags?post=503923"}],"curies":[{"name":"wp","href":"https:\/\/api.w.org\/{rel}","templated":true}]}}