{"id":503938,"date":"2025-10-16T19:25:14","date_gmt":"2025-10-16T19:25:14","guid":{"rendered":"https:\/\/www.europesays.com\/de\/503938\/"},"modified":"2025-10-16T19:25:14","modified_gmt":"2025-10-16T19:25:14","slug":"misstrauensantraege-gescheitert-sturz-von-frankreichs-regierung-abgewendet","status":"publish","type":"post","link":"https:\/\/www.europesays.com\/de\/503938\/","title":{"rendered":"Misstrauensantr\u00e4ge gescheitert &#8211; Sturz von Frankreichs Regierung abgewendet"},"content":{"rendered":"<p>                    <img decoding=\"async\" loading=\"lazy\" class=\"internal-image\" title=\"Marine Le Pen, Fraktionsvorsitzende des Rassemblement National (RN), h\u00e4lt vor einem Misstrauensvotum in der Nationalversammlung eine Rede. \" alt=\"Marine Le Pen, Fraktionsvorsitzende des Rassemblement National (RN), h\u00e4lt vor einem Misstrauensvotum in der Nationalversammlung eine Rede. \" src=\"https:\/\/www.europesays.com\/de\/wp-content\/uploads\/2025\/10\/frankreich-paris-nationalversammlung-100-1920x1080.jpg\" \/><\/p>\n<p>                  Frankreichs Nationalversammlung tagt zu Misstrauensantr\u00e4gen. (Aurelien Morissard\/Xinhua\/dpa)<\/p>\n<p>Premierminister Lecornu und sein neues Mitte-Rechts-Kabinett \u00fcberstanden in der Nationalversammlung in Paris zwei Misstrauensantr\u00e4ge der Opposition. Der Antrag der linkspopulistischen &#8222;La France Insoumise&#8220; fand nicht die n\u00f6tige Mehrheit; noch weniger Zustimmung gab es f\u00fcr einen Antrag des rechtspopulistischen &#8222;Rassemblement National&#8220;. Lecornu hatte zuletzt angek\u00fcndigt, die umstrittene Rentenreform auszusetzen. Damit sicherte er sich im Parlament die Unterst\u00fctzung der Sozialisten.<\/p>\n<p>Kabinett und Parlament k\u00f6nnen nun mit den Beratungen \u00fcber den Sparhaushalt beginnen.<\/p>\n<p>Diese Nachricht wurde am 16.10.2025 im Programm Deutschlandfunk gesendet.<\/p>\n","protected":false},"excerpt":{"rendered":"Frankreichs Nationalversammlung tagt zu Misstrauensantr\u00e4gen. (Aurelien Morissard\/Xinhua\/dpa) Premierminister Lecornu und sein neues Mitte-Rechts-Kabinett \u00fcberstanden in der Nationalversammlung in&hellip;\n","protected":false},"author":2,"featured_media":503939,"comment_status":"","ping_status":"","sticky":false,"template":"","format":"standard","meta":{"footnotes":""},"categories":[3974],"tags":[331,332,548,663,3934,3980,156,13,14,15,12],"class_list":{"0":"post-503938","1":"post","2":"type-post","3":"status-publish","4":"format-standard","5":"has-post-thumbnail","7":"category-frankreich","8":"tag-aktuelle-nachrichten","9":"tag-aktuelle-news","10":"tag-eu","11":"tag-europa","12":"tag-europe","13":"tag-france","14":"tag-frankreich","15":"tag-headlines","16":"tag-nachrichten","17":"tag-news","18":"tag-schlagzeilen"},"share_on_mastodon":{"url":"https:\/\/pubeurope.com\/@de\/115385488759699883","error":""},"_links":{"self":[{"href":"https:\/\/www.europesays.com\/de\/wp-json\/wp\/v2\/posts\/503938","targetHints":{"allow":["GET"]}}],"collection":[{"href":"https:\/\/www.europesays.com\/de\/wp-json\/wp\/v2\/posts"}],"about":[{"href":"https:\/\/www.europesays.com\/de\/wp-json\/wp\/v2\/types\/post"}],"author":[{"embeddable":true,"href":"https:\/\/www.europesays.com\/de\/wp-json\/wp\/v2\/users\/2"}],"replies":[{"embeddable":true,"href":"https:\/\/www.europesays.com\/de\/wp-json\/wp\/v2\/comments?post=503938"}],"version-history":[{"count":0,"href":"https:\/\/www.europesays.com\/de\/wp-json\/wp\/v2\/posts\/503938\/revisions"}],"wp:featuredmedia":[{"embeddable":true,"href":"https:\/\/www.europesays.com\/de\/wp-json\/wp\/v2\/media\/503939"}],"wp:attachment":[{"href":"https:\/\/www.europesays.com\/de\/wp-json\/wp\/v2\/media?parent=503938"}],"wp:term":[{"taxonomy":"category","embeddable":true,"href":"https:\/\/www.europesays.com\/de\/wp-json\/wp\/v2\/categories?post=503938"},{"taxonomy":"post_tag","embeddable":true,"href":"https:\/\/www.europesays.com\/de\/wp-json\/wp\/v2\/tags?post=503938"}],"curies":[{"name":"wp","href":"https:\/\/api.w.org\/{rel}","templated":true}]}}