{"id":503940,"date":"2025-10-16T19:26:19","date_gmt":"2025-10-16T19:26:19","guid":{"rendered":"https:\/\/www.europesays.com\/de\/503940\/"},"modified":"2025-10-16T19:26:19","modified_gmt":"2025-10-16T19:26:19","slug":"fanuc-europe-wird-agiler-und-konkurrenzfaehiger","status":"publish","type":"post","link":"https:\/\/www.europesays.com\/de\/503940\/","title":{"rendered":"FANUC Europe wird agiler und konkurrenzf\u00e4higer"},"content":{"rendered":"<p>Das Projekt umfasst<\/p>\n<ul class=\"wp-block-list\">\n<li>das Re-Design und die Harmonisierung aller Prozesse;<\/li>\n<li>die technische Umsetzung und Implementierung von \u00fcber 400 Kernprozesse f\u00fcr alle 24 europ\u00e4ischen Gesellschaften, inklusive der Europ\u00e4ischen Zentrale;<\/li>\n<li>die Abl\u00f6sung von diversen alten Legacy-Applikationen und Reduzierung der Vielzahl der Schnittstellen;<\/li>\n<li>eine \u201eSingle Source of Data Truth\u201c beziehungsweise das Ziel ein daten-orientierts Unternehmen zu werden.<\/li>\n<\/ul>\n<p>Ziel des Vorhabens ist es, in allen Bereichen, insbesondere aber in Sales, Service und Supply Chain, die Effizienz zu steigern. An dem Unterfangen waren 100 interne und etwa 50 externe Mitarbeitende beteiligt.<\/p>\n<p>SAP als Kern<\/p>\n<p>Im Zentrum der Transformation steht eine Multi-Cloud Architektur mit SAP S\/4 HANA in der Private Cloud zusammen mit der Business Technology Plattform (BTP) nach dem Clean-Core-Ansatz. Bisher nutzte FANUC ein \u00fcber 30 Jahre altes JDE-System von Oracle, welches an vielen Stellen hochgradig weiterentwickelt wurde.<\/p>\n<p>Das Projekt begann Anfang 2022. Am 1. April 2025 ging BOOST dann in den drei ausgew\u00e4hlten Regionen Gro\u00dfbritannien, Benelux und Irland erfolgreich live, wie Maennle berichtet. Bis 2027 sollen weitere 15 europ\u00e4ische L\u00e4nder in drei Wellen innerhalb von zirka 18 Monaten ausgerollt werden.<\/p>\n<p>Ein neues Kundenportal<\/p>\n<p>Als Bestandteil der IT Agenda 2030 hat das Team zudem eine Vielzahl von weiteren IT-Projekten bewerkstelligt: In den letzten zwei Jahren baute die FANUC-IT unter anderem ein komplett neues Kundenportal auf Basis von SAP CX Commercial Cloud auf und rollte es in alle europ\u00e4ischen L\u00e4nder aus.<\/p>\n<p>Mit dem neuen Kundenportal wurde eine einheitlich FANUC-ID f\u00fcr alle digitalen Angebote f\u00fcr Partner und Kunden eingef\u00fchrt. \u00dcber die Plattform k\u00f6nnen Kunden<\/p>\n","protected":false},"excerpt":{"rendered":"Das Projekt umfasst das Re-Design und die Harmonisierung aller Prozesse; die technische Umsetzung und Implementierung von \u00fcber 400&hellip;\n","protected":false},"author":2,"featured_media":503941,"comment_status":"","ping_status":"","sticky":false,"template":"","format":"standard","meta":{"footnotes":""},"categories":[3933],"tags":[331,332,548,663,158,3934,3935,13,14,15,12],"class_list":{"0":"post-503940","1":"post","2":"type-post","3":"status-publish","4":"format-standard","5":"has-post-thumbnail","7":"category-eu","8":"tag-aktuelle-nachrichten","9":"tag-aktuelle-news","10":"tag-eu","11":"tag-europa","12":"tag-europaeische-union","13":"tag-europe","14":"tag-european-union","15":"tag-headlines","16":"tag-nachrichten","17":"tag-news","18":"tag-schlagzeilen"},"share_on_mastodon":{"url":"https:\/\/pubeurope.com\/@de\/115385492222267779","error":""},"_links":{"self":[{"href":"https:\/\/www.europesays.com\/de\/wp-json\/wp\/v2\/posts\/503940","targetHints":{"allow":["GET"]}}],"collection":[{"href":"https:\/\/www.europesays.com\/de\/wp-json\/wp\/v2\/posts"}],"about":[{"href":"https:\/\/www.europesays.com\/de\/wp-json\/wp\/v2\/types\/post"}],"author":[{"embeddable":true,"href":"https:\/\/www.europesays.com\/de\/wp-json\/wp\/v2\/users\/2"}],"replies":[{"embeddable":true,"href":"https:\/\/www.europesays.com\/de\/wp-json\/wp\/v2\/comments?post=503940"}],"version-history":[{"count":0,"href":"https:\/\/www.europesays.com\/de\/wp-json\/wp\/v2\/posts\/503940\/revisions"}],"wp:featuredmedia":[{"embeddable":true,"href":"https:\/\/www.europesays.com\/de\/wp-json\/wp\/v2\/media\/503941"}],"wp:attachment":[{"href":"https:\/\/www.europesays.com\/de\/wp-json\/wp\/v2\/media?parent=503940"}],"wp:term":[{"taxonomy":"category","embeddable":true,"href":"https:\/\/www.europesays.com\/de\/wp-json\/wp\/v2\/categories?post=503940"},{"taxonomy":"post_tag","embeddable":true,"href":"https:\/\/www.europesays.com\/de\/wp-json\/wp\/v2\/tags?post=503940"}],"curies":[{"name":"wp","href":"https:\/\/api.w.org\/{rel}","templated":true}]}}