{"id":503944,"date":"2025-10-16T19:28:12","date_gmt":"2025-10-16T19:28:12","guid":{"rendered":"https:\/\/www.europesays.com\/de\/503944\/"},"modified":"2025-10-16T19:28:12","modified_gmt":"2025-10-16T19:28:12","slug":"eu-mission-aspides-bundestag-verlaengert-einsatz-der-bundeswehr-im-roten-meer-um-ein-jahr","status":"publish","type":"post","link":"https:\/\/www.europesays.com\/de\/503944\/","title":{"rendered":"EU-Mission &#8222;Aspides&#8220; &#8211; Bundestag verl\u00e4ngert Einsatz der Bundeswehr im Roten Meer um ein Jahr"},"content":{"rendered":"<p>Der Bundestag <a title=\"Link auf: verl\u00e4ngerte\" target=\"_blank\" href=\"https:\/\/www.bundestag.de\/dokumente\/textarchiv\/2025\/kw42-de-bundeswehr-aspides-1114096\" class=\"click-tracking-paragraph\" data-tracking=\"{&quot;name&quot;:&quot;Link in Beitrag&quot;,&quot;chapter1&quot;:&quot;https:\/\/www.bundestag.de\/dokumente\/textarchiv\/2025\/kw42-de-bundeswehr-aspides-1114096&quot;,&quot;chapter2&quot;:&quot;verl\u00e4ngerte&quot;,&quot;chapter3&quot;:&quot;EU-Mission \\&quot;Aspides\\&quot; - Bundestag verl\u00e4ngert Einsatz der Bundeswehr im Roten Meer um ein Jahr&quot;,&quot;level2&quot;:2}\" rel=\"nofollow noopener\">verl\u00e4ngerte<\/a> das Mandat auf Empfehlung des Ausw\u00e4rtigen Ausschusses mit gro\u00dfer Mehrheit um ein weiteres Jahr. Dem Antrag der Bundesregierung stimmte neben den Koalitionsfraktionen auch die AfD zu. Vorgesehen ist demnach, dass k\u00fcnftig statt bis zu 700 nur noch bis zu 350 Soldatinnen und Soldaten eingesetzt werden. Der CDU-Abgeordnete Volkmann sagte, der Schutz der Handelswege sei die Grundlage unseres Wohlstands.<\/p>\n<p>Diese Nachricht wurde am 16.10.2025 im Programm Deutschlandfunk gesendet.<\/p>\n","protected":false},"excerpt":{"rendered":"Der Bundestag verl\u00e4ngerte das Mandat auf Empfehlung des Ausw\u00e4rtigen Ausschusses mit gro\u00dfer Mehrheit um ein weiteres Jahr. Dem&hellip;\n","protected":false},"author":2,"featured_media":503945,"comment_status":"","ping_status":"","sticky":false,"template":"","format":"standard","meta":{"footnotes":""},"categories":[3933],"tags":[331,332,548,663,158,3934,3935,13,14,15,12],"class_list":{"0":"post-503944","1":"post","2":"type-post","3":"status-publish","4":"format-standard","5":"has-post-thumbnail","7":"category-eu","8":"tag-aktuelle-nachrichten","9":"tag-aktuelle-news","10":"tag-eu","11":"tag-europa","12":"tag-europaeische-union","13":"tag-europe","14":"tag-european-union","15":"tag-headlines","16":"tag-nachrichten","17":"tag-news","18":"tag-schlagzeilen"},"share_on_mastodon":{"url":"https:\/\/pubeurope.com\/@de\/115385500126111687","error":""},"_links":{"self":[{"href":"https:\/\/www.europesays.com\/de\/wp-json\/wp\/v2\/posts\/503944","targetHints":{"allow":["GET"]}}],"collection":[{"href":"https:\/\/www.europesays.com\/de\/wp-json\/wp\/v2\/posts"}],"about":[{"href":"https:\/\/www.europesays.com\/de\/wp-json\/wp\/v2\/types\/post"}],"author":[{"embeddable":true,"href":"https:\/\/www.europesays.com\/de\/wp-json\/wp\/v2\/users\/2"}],"replies":[{"embeddable":true,"href":"https:\/\/www.europesays.com\/de\/wp-json\/wp\/v2\/comments?post=503944"}],"version-history":[{"count":0,"href":"https:\/\/www.europesays.com\/de\/wp-json\/wp\/v2\/posts\/503944\/revisions"}],"wp:featuredmedia":[{"embeddable":true,"href":"https:\/\/www.europesays.com\/de\/wp-json\/wp\/v2\/media\/503945"}],"wp:attachment":[{"href":"https:\/\/www.europesays.com\/de\/wp-json\/wp\/v2\/media?parent=503944"}],"wp:term":[{"taxonomy":"category","embeddable":true,"href":"https:\/\/www.europesays.com\/de\/wp-json\/wp\/v2\/categories?post=503944"},{"taxonomy":"post_tag","embeddable":true,"href":"https:\/\/www.europesays.com\/de\/wp-json\/wp\/v2\/tags?post=503944"}],"curies":[{"name":"wp","href":"https:\/\/api.w.org\/{rel}","templated":true}]}}